{"id":11676,"date":"2021-06-12T16:34:00","date_gmt":"2021-06-12T14:34:00","guid":{"rendered":"https:\/\/marineforum.online\/?p=11676"},"modified":"2021-06-12T17:00:08","modified_gmt":"2021-06-12T15:00:08","slug":"u-35-deployment-in-the-mediterranean-sea","status":"publish","type":"post","link":"https:\/\/marineforum.online\/en\/u-35-einsatz-im-mittelmeer\/","title":{"rendered":"Goodbye: \"U 35\" deployment in the Mediterranean"},"content":{"rendered":"<p><strong>Submarine \"U 35\" left its home port of Eckernf\u00f6rde today and will take part in the EU operation \"Irini\".<\/strong><\/p>\n<figure id=\"attachment_11678\" aria-describedby=\"caption-attachment-11678\" style=\"width: 355px\" class=\"wp-caption alignleft\"><img fetchpriority=\"high\" decoding=\"async\" class=\"wp-image-11678\" src=\"\/wp-content\/uploads\/2021\/06\/2021_U35_Kroehncke-2-300x272.jpg\" alt=\"\" width=\"355\" height=\"322\" srcset=\"\/wp-content\/uploads\/2021\/06\/2021_U35_Kroehncke-2-300x272.jpg 300w, \/wp-content\/uploads\/2021\/06\/2021_U35_Kroehncke-2-768x698.jpg 768w, \/wp-content\/uploads\/2021\/06\/2021_U35_Kroehncke-2-750x681.jpg 750w, \/wp-content\/uploads\/2021\/06\/2021_U35_Kroehncke-2.jpg 1024w\" sizes=\"(max-width: 355px) 100vw, 355px\" \/><figcaption id=\"caption-attachment-11678\" class=\"wp-caption-text\"><em>Frigate Captain Strauch bid farewell to the crew in the presence of their families<\/em><\/figcaption><\/figure>\n<p>The boat and its crew were bid farewell by the squadron commander, frigate captain Fr\u00e9d\u00e9ric Strauch (44), on their four-month deployment. Around 50 members of the crew were also present. Under the command of Corvette Captain Oliver Brux (34), the 29-strong crew of the boat will be travelling to warmer waters for just over four months. The maximum capacity of 36 people will be fully utilised by embarking some additional students from the squadron, who will use this opportunity for intensive training on board.<\/p>\n<p>\"After the long and arduous preparations for the mission, the crew is very much looking forward to the upcoming mission. It is both a reward and a burden. Both the crew and their families at home will be equally challenged. Only together is it possible to tackle such a long absence of over four months with the necessary composure,\" says the commander, looking ahead to the long, long journey to the deployment.<\/p>\n<figure id=\"attachment_11679\" aria-describedby=\"caption-attachment-11679\" style=\"width: 353px\" class=\"wp-caption alignleft\"><img decoding=\"async\" class=\"wp-image-11679\" src=\"\/wp-content\/uploads\/2021\/06\/2021_U35_Kroehncke-3-300x200.jpg\" alt=\"\" width=\"353\" height=\"235\" srcset=\"\/wp-content\/uploads\/2021\/06\/2021_U35_Kroehncke-3-300x200.jpg 300w, \/wp-content\/uploads\/2021\/06\/2021_U35_Kroehncke-3-1024x682.jpg 1024w, \/wp-content\/uploads\/2021\/06\/2021_U35_Kroehncke-3-768x512.jpg 768w, \/wp-content\/uploads\/2021\/06\/2021_U35_Kroehncke-3-1080x720.jpg 1080w, \/wp-content\/uploads\/2021\/06\/2021_U35_Kroehncke-3-750x500.jpg 750w, \/wp-content\/uploads\/2021\/06\/2021_U35_Kroehncke-3-1140x760.jpg 1140w, \/wp-content\/uploads\/2021\/06\/2021_U35_Kroehncke-3.jpg 1280w\" sizes=\"(max-width: 353px) 100vw, 353px\" \/><figcaption id=\"caption-attachment-11679\" class=\"wp-caption-text\"><em>Tradition: Departure to the sounds of the Naval Music Corps<\/em>s<\/figcaption><\/figure>\n<p>The boat will be travelling to the area of operation for around three weeks, including a supply stop in Rota, Spain. The area of operation extends from the central and southern Mediterranean south of the island of Sicily to the territorial waters of Libya and Tunisia. The mission of the European Union's Operation Irini is to monitor and enforce the arms embargo against Libya, but also to disrupt smuggling activities on the refugee routes in the Mediterranean. U 35\" will be based in several harbours in Italy and the island of Malta. In addition, a longer harbour stay with the possibility of family reunification on the Greek island of Crete is planned around the middle of the mission. The boat and crew are expected to return to their home port of Eckernf\u00f6rde in mid-October. The long journey home will once again be interrupted by a supply stop, this time in the Portuguese capital Lisbon.<\/p>\n<figure id=\"attachment_11683\" aria-describedby=\"caption-attachment-11683\" style=\"width: 354px\" class=\"wp-caption alignnone\"><img decoding=\"async\" class=\"wp-image-11683\" src=\"\/wp-content\/uploads\/2021\/06\/2021_U35_Kroehncke-7-300x200.jpg\" alt=\"\" width=\"354\" height=\"236\" srcset=\"\/wp-content\/uploads\/2021\/06\/2021_U35_Kroehncke-7-300x200.jpg 300w, \/wp-content\/uploads\/2021\/06\/2021_U35_Kroehncke-7-1024x682.jpg 1024w, \/wp-content\/uploads\/2021\/06\/2021_U35_Kroehncke-7-768x512.jpg 768w, \/wp-content\/uploads\/2021\/06\/2021_U35_Kroehncke-7-1080x720.jpg 1080w, \/wp-content\/uploads\/2021\/06\/2021_U35_Kroehncke-7-750x500.jpg 750w, \/wp-content\/uploads\/2021\/06\/2021_U35_Kroehncke-7-1140x760.jpg 1140w, \/wp-content\/uploads\/2021\/06\/2021_U35_Kroehncke-7.jpg 1280w\" sizes=\"(max-width: 354px) 100vw, 354px\" \/><figcaption id=\"caption-attachment-11683\" class=\"wp-caption-text\"><em>Members of the \"GOLF\" crew on the pier<\/em><\/figcaption><\/figure>\n<figure id=\"attachment_11677\" aria-describedby=\"caption-attachment-11677\" style=\"width: 353px\" class=\"wp-caption alignnone\"><img loading=\"lazy\" decoding=\"async\" class=\"wp-image-11677\" src=\"\/wp-content\/uploads\/2021\/06\/2021_U35_Kroehncke-1-300x200.jpg\" alt=\"\" width=\"353\" height=\"235\" srcset=\"\/wp-content\/uploads\/2021\/06\/2021_U35_Kroehncke-1-300x200.jpg 300w, \/wp-content\/uploads\/2021\/06\/2021_U35_Kroehncke-1-768x512.jpg 768w, \/wp-content\/uploads\/2021\/06\/2021_U35_Kroehncke-1-750x500.jpg 750w, \/wp-content\/uploads\/2021\/06\/2021_U35_Kroehncke-1.jpg 1024w\" sizes=\"(max-width: 353px) 100vw, 353px\" \/><figcaption id=\"caption-attachment-11677\" class=\"wp-caption-text\"><em>U 35 leaving the home port of Eckernf\u00f6rde<\/em><\/figcaption><\/figure>\n<p>TEXT: PIZ Press Office Kiel, PHOTOS: Marcel Kr\u00f6hncke<\/p>\n<p>&nbsp;<\/p>\n<p>&nbsp;<\/p>\n<p>&nbsp;<\/p>","protected":false},"excerpt":{"rendered":"<p>Uboot \u201eU 35\u201c hat heute den Heimathafen Eckernf\u00f6rde verlassen und wird an der EU-Operation \u201eIrini\u201c teilnehmen. Das Boot und seine Besatzung wurden durch den Kommandeur des Geschwaders, Fregattenkapit\u00e4n Fr\u00e9d\u00e9ric Strauch (44), in den gut viermonatigen Einsatz verabschiedet. Rund 50 Angeh\u00f6rige der Besatzung waren ebenfalls anwesend. Unter dem Kommando von Korvettenkapit\u00e4n Oliver Brux (34) geht es [&hellip;]<\/p>\n","protected":false},"author":16,"featured_media":11681,"comment_status":"open","ping_status":"closed","sticky":false,"template":"","format":"standard","meta":{"_acf_changed":false,"_oasis_is_in_workflow":0,"_oasis_original":0,"_oasis_task_priority":"","footnotes":""},"categories":[42,486,51],"tags":[1350,1347,500,1354,1351,489,1353,1352,331,332],"class_list":["post-11676","post","type-post","status-publish","format-standard","has-post-thumbnail","hentry","category-news","category-headlines","category-streitkraefte-news","tag-besatzung","tag-eckernfoerde","tag-einsatz","tag-einsatzgebiet","tag-heimathafen","tag-irini","tag-kommandant","tag-kommandeur","tag-mittelmeer","tag-u-boot"],"acf":[],"_links":{"self":[{"href":"https:\/\/marineforum.online\/en\/wp-json\/wp\/v2\/posts\/11676","targetHints":{"allow":["GET"]}}],"collection":[{"href":"https:\/\/marineforum.online\/en\/wp-json\/wp\/v2\/posts"}],"about":[{"href":"https:\/\/marineforum.online\/en\/wp-json\/wp\/v2\/types\/post"}],"author":[{"embeddable":true,"href":"https:\/\/marineforum.online\/en\/wp-json\/wp\/v2\/users\/16"}],"replies":[{"embeddable":true,"href":"https:\/\/marineforum.online\/en\/wp-json\/wp\/v2\/comments?post=11676"}],"version-history":[{"count":0,"href":"https:\/\/marineforum.online\/en\/wp-json\/wp\/v2\/posts\/11676\/revisions"}],"wp:featuredmedia":[{"embeddable":true,"href":"https:\/\/marineforum.online\/en\/wp-json\/wp\/v2\/media\/11681"}],"wp:attachment":[{"href":"https:\/\/marineforum.online\/en\/wp-json\/wp\/v2\/media?parent=11676"}],"wp:term":[{"taxonomy":"category","embeddable":true,"href":"https:\/\/marineforum.online\/en\/wp-json\/wp\/v2\/categories?post=11676"},{"taxonomy":"post_tag","embeddable":true,"href":"https:\/\/marineforum.online\/en\/wp-json\/wp\/v2\/tags?post=11676"}],"curies":[{"name":"wp","href":"https:\/\/api.w.org\/{rel}","templated":true}]}}