{"id":26724,"date":"2023-01-13T14:30:00","date_gmt":"2023-01-13T13:30:00","guid":{"rendered":"https:\/\/marineforum.online\/?p=26724"},"modified":"2025-09-29T21:14:14","modified_gmt":"2025-09-29T19:14:14","slug":"federal-government-buys-shipyard","status":"publish","type":"post","link":"https:\/\/marineforum.online\/en\/bund-kauft-werft\/","title":{"rendered":"Federal government buys shipyard"},"content":{"rendered":"<p>[et_pb_section fb_built=\"1\" _builder_version=\"4.16\" global_colors_info=\"{}\"][et_pb_row _builder_version=\"4.16\" background_size=\"initial\" background_position=\"top_left\" background_repeat=\"repeat\" global_colors_info=\"{}\"][et_pb_column type=\"4_4\" _builder_version=\"4.16\" custom_padding=\"|||\" global_colors_info=\"{}\" custom_padding__hover=\"|||\"][et_pb_text _builder_version=\"4.19.2\" background_size=\"initial\" background_position=\"top_left\" background_repeat=\"repeat\" hover_enabled=\"0\" global_colors_info=\"{}\" sticky_enabled=\"0\"]<\/p>\n<p><strong>Neuer alter Name aus DDR Zeiten: Warnowwerft<\/strong><\/p>\n<p>Was zun\u00e4chst wie eine aus Verzweiflung geborene Idee klang, ist ernsthaft Wirklichkeit geworden. Geht nicht gibt\u2019s nicht, schien das Motto dieses Gro\u00dfvorhabens zu sein \u2013 und ohne den Ukraine Krieg w\u00e4ren derartige schnelle und pragmatische L\u00f6sungen wahrscheinlich immer noch im Dschungel von B\u00fcrokraten, Regelungsversessenen und Pr\u00fcfprozessen.<\/p>\n<p>Dabei scheint es doch zu passen: Die jahrzehntelange Mangelwirtschaft in der Bundeswehr hat bei der Marine Schaden hinterlassen, Instandsetzungen und Liegezeiten sind langwierig und komplex, die Verf\u00fcgbarkeit von Einheiten der ohnehin viel zu kleinen Marine ist schlecht. Auf der anderen Seite war das Aus der traditionsreichen Werft an der Werft zun\u00e4chst ein Schrecken f\u00fcr die Region und die Besch\u00e4ftigten. Nun hat der Bund die Werft gekauft. Arbeitspl\u00e4tze werden gesichert oder neu geschaffen, Stabilit\u00e4t m\u00f6ge einkehren. Und die Marine baut sich eigene Kapazit\u00e4ten auf, um unabh\u00e4ngiger zu sein. Die Marine? Nicht ganz, denn das neue Teil des Marinearsenals geh\u00f6rt zum Gesch\u00e4ftsbereich des Bundesamtes f\u00fcr Ausr\u00fcstung, Informationstechnik und Nutzung der Bundeswehr. In Anwesenheit von Bundesverteidigungsministerin Christine Lambrecht (SPD) und der Ministerpr\u00e4sidentin Manuela Schwesig (SPD) wurde in einem Festakt in der Werfthalle mit rund 150 geladenen G\u00e4ste der Werft ihr alter Name aus DDR Zeiten zur\u00fcckgegeben: Der Standort tr\u00e4gt k\u00fcnftig den Namen Warnow Werft.<\/p>\n<figure id=\"attachment_23831\" aria-describedby=\"caption-attachment-23831\" style=\"width: 434px\" class=\"wp-caption alignleft\"><img fetchpriority=\"high\" decoding=\"async\" class=\"wp-image-23831 \" src=\"\/wp-content\/uploads\/2022\/10\/MFO-Header-Beitrag-840x428-px-\u2013-131-300x153.jpg\" alt=\"Aus der Warnowwerft wird ein Marinearsenal, Foto: Bw\/MFG 5\" width=\"434\" height=\"221\" srcset=\"\/wp-content\/uploads\/2022\/10\/MFO-Header-Beitrag-840x428-px-\u2013-131-300x153.jpg 300w, \/wp-content\/uploads\/2022\/10\/MFO-Header-Beitrag-840x428-px-\u2013-131-768x391.jpg 768w, \/wp-content\/uploads\/2022\/10\/MFO-Header-Beitrag-840x428-px-\u2013-131-750x382.jpg 750w, \/wp-content\/uploads\/2022\/10\/MFO-Header-Beitrag-840x428-px-\u2013-131.jpg 840w\" sizes=\"(max-width: 434px) 100vw, 434px\" \/><figcaption id=\"caption-attachment-23831\" class=\"wp-caption-text\">Aus der Warnowwerft wird ein Marinearsenal, Foto: Bw\/MFG 5<\/figcaption><\/figure>\n<p data-manual=\"paragraph\">Der Bund \u00fcbernahm den fr\u00fcheren Standort der insolventen MV-Werften-Gruppe am 1. August 2022. Das Marinearsenal verf\u00fcgt \u00fcber Standorte in Wilhelmshaven, Kiel und nun auch in Rostock, wo bereits 480 Mitarbeiter t\u00e4tig sind. Derzeit ist nach fr\u00fcheren Angaben nur etwa ein Drittel der Marine-Flotte einsatzklar, zwei Drittel sind in der Wartung oder der Werft. Das Verh\u00e4ltnis soll umgedreht werden. Unbeantwortet blieb auch am Mittwoch die Frage, ob ein Teil der Werftfl\u00e4che in Warnem\u00fcnde m\u00f6glicherweise privatwirtschaftlich genutzt werden kann. Das belgische Unternehmen Smulders hatte bereits vor Monaten sein Interesse signalisiert, auf einem Teil des ehemaligen MV-Werften-Gel\u00e4ndes Plattformen f\u00fcr die Offshore-Windindustrie zu bauen.<\/p>\n<p data-manual=\"paragraph\">Am neuen Marinearsenal-Standort Warnem\u00fcnde sollen planm\u00e4\u00dfig vier Marineschiffe im Jahr instandgesetzt und dabei auch Auftr\u00e4ge im Millionenwert an die Privatwirtschaft vergeben werden. Inklusive Material ergibt sich laut Marinearsenal j\u00e4hrlich ein Gesamtumsatzvolumen im Bereich \"eines hohen zweistelligen Millionenbetrages\". In diesem Jahr stehen noch Instandsetzungsarbeiten f\u00fcr die Flottendienstboote \"Alster\" und \"Oste\" an, 2023 soll die Ausschreibung f\u00fcr die Korvette \"Erfurt\" erfolgen.<\/p>\n<p data-manual=\"paragraph\">Video: Marco Thiele<\/p>\n<p>[\/et_pb_text][et_pb_video src=\"\/wp-content\/uploads\/2023\/01\/Warnowwerft.mov\" _builder_version=\"4.19.2\" _module_preset=\"default\" max_width=\"50%\" max_height=\"1000px\" hover_enabled=\"0\" global_colors_info=\"{}\" sticky_enabled=\"0\"][\/et_pb_video][\/et_pb_column][\/et_pb_row][\/et_pb_section]<\/p>\n","protected":false},"excerpt":{"rendered":"<p>[et_pb_section fb_built=\"1\" _builder_version=\"4.16\" global_colors_info=\"{}\"][et_pb_row _builder_version=\"4.16\" background_size=\"initial\" background_position=\"top_left\" background_repeat=\"repeat\" global_colors_info=\"{}\"][et_pb_column type=\"4_4\" _builder_version=\"4.16\" custom_padding=\"|||\" global_colors_info=\"{}\" custom_padding__hover=\"|||\"][et_pb_text _builder_version=\"4.19.2\" background_size=\"initial\" background_position=\"top_left\" background_repeat=\"repeat\" hover_enabled=\"0\" global_colors_info=\"{}\" sticky_enabled=\"0\"] Neuer alter Name aus DDR Zeiten: Warnowwerft Was zun\u00e4chst wie eine aus Verzweiflung geborene Idee klang, ist ernsthaft Wirklichkeit geworden. Geht nicht gibt\u2019s nicht, schien das Motto dieses Gro\u00dfvorhabens zu sein \u2013 und ohne [&hellip;]<\/p>\n","protected":false},"author":10,"featured_media":26742,"comment_status":"open","ping_status":"closed","sticky":false,"template":"","format":"standard","meta":{"_acf_changed":false,"_oasis_is_in_workflow":0,"_oasis_original":0,"_oasis_task_priority":"3high","footnotes":""},"categories":[50,486,42],"tags":[193,2280,5088,1907,425,2656,5091,5089,1715,2863,1188,843,1359,5087,811,5090],"class_list":["post-26724","post","type-post","status-publish","format-standard","has-post-thumbnail","hentry","category-sicherheitspolitik-news","category-headlines","category-news","tag-bundeswehr","tag-christine-lambrecht","tag-ddr","tag-informationstechnik","tag-kiel","tag-korvette-erfurt","tag-lottendienstboot","tag-manuela-schwesig","tag-mv-werften","tag-offshore","tag-rostock","tag-spd","tag-warnemuende","tag-warnowwerft","tag-wilhelmshaven","tag-windindustrie"],"acf":[],"_links":{"self":[{"href":"https:\/\/marineforum.online\/en\/wp-json\/wp\/v2\/posts\/26724","targetHints":{"allow":["GET"]}}],"collection":[{"href":"https:\/\/marineforum.online\/en\/wp-json\/wp\/v2\/posts"}],"about":[{"href":"https:\/\/marineforum.online\/en\/wp-json\/wp\/v2\/types\/post"}],"author":[{"embeddable":true,"href":"https:\/\/marineforum.online\/en\/wp-json\/wp\/v2\/users\/10"}],"replies":[{"embeddable":true,"href":"https:\/\/marineforum.online\/en\/wp-json\/wp\/v2\/comments?post=26724"}],"version-history":[{"count":1,"href":"https:\/\/marineforum.online\/en\/wp-json\/wp\/v2\/posts\/26724\/revisions"}],"predecessor-version":[{"id":49909,"href":"https:\/\/marineforum.online\/en\/wp-json\/wp\/v2\/posts\/26724\/revisions\/49909"}],"wp:featuredmedia":[{"embeddable":true,"href":"https:\/\/marineforum.online\/en\/wp-json\/wp\/v2\/media\/26742"}],"wp:attachment":[{"href":"https:\/\/marineforum.online\/en\/wp-json\/wp\/v2\/media?parent=26724"}],"wp:term":[{"taxonomy":"category","embeddable":true,"href":"https:\/\/marineforum.online\/en\/wp-json\/wp\/v2\/categories?post=26724"},{"taxonomy":"post_tag","embeddable":true,"href":"https:\/\/marineforum.online\/en\/wp-json\/wp\/v2\/tags?post=26724"}],"curies":[{"name":"wp","href":"https:\/\/api.w.org\/{rel}","templated":true}]}}