{"id":26870,"date":"2023-01-15T12:00:00","date_gmt":"2023-01-15T11:00:00","guid":{"rendered":"https:\/\/marineforum.online\/?p=26870"},"modified":"2025-09-29T21:14:13","modified_gmt":"2025-09-29T19:14:13","slug":"understanding-the-sea-at-the-boot-in-duesseldorf-2","status":"publish","type":"post","link":"https:\/\/marineforum.online\/en\/meerverstehen-auf-der-boot-in-duesseldorf-2\/","title":{"rendered":"#meerverstehen at the Boot in D\u00fcsseldorf"},"content":{"rendered":"<p>[et_pb_section fb_built=\"1\" _builder_version=\"4.16\" global_colors_info=\"{}\"][et_pb_row _builder_version=\"4.16\" background_size=\"initial\" background_position=\"top_left\" background_repeat=\"repeat\" global_colors_info=\"{}\"][et_pb_column type=\"4_4\" _builder_version=\"4.16\" custom_padding=\"|||\" global_colors_info=\"{}\" custom_padding__hover=\"|||\"][et_pb_text _builder_version=\"4.16\" background_size=\"initial\" background_position=\"top_left\" background_repeat=\"repeat\" global_colors_info=\"{}\"]<strong>Mit Nachrichten, Bildern, Reportagen und Podcasts aus der milit\u00e4risch-maritimen Welt h\u00e4lt das marineforum seit mittlerweile \u00fcber 50 Jahren seine Leser auf dem neuesten Stand.<\/strong><\/p>\n<p>Gegr\u00fcndet in den 70er Jahren als Monatszeitschrift ist marineforum mittlerweile eine feste Instanz unter den Fachpublikationen. Auf dem seit \u00fcber <strong>2 Jahren betriebenen Onlineportal<\/strong> und den Social-Media-Kan\u00e4len trifft Tradition auf Tagesaktuelles und erreicht Stand heute <strong>mehr als 70.000 Leser im Monat.<\/strong><\/p>\n<p>Geschrieben und redigiert wird von Experten f\u00fcr Experten, von leidenschaftlichen Seeleuten f\u00fcr leidenschaftliche Seeleute, f\u00fcr K\u00fcstenkinder und Weltenkenner, f\u00fcr Interessierte, Segler und Nichtsegler.<\/p>\n<p>Produziert wird seit vielen Jahren vom <strong>Mittler-Report-Verlag<\/strong>, zugeh\u00f6rig zur Tamm Media Gruppe aus Hamburg. Herausgeber ist das gemeinn\u00fctzige Deutsche Maritime Institut, vernetzt in Politik, Wissenschaft, Wirtschaft - und auf das Engste verbunden mit der Deutschen Marine.<\/p>\n<p>Leser und Abonnenten sind Entscheider aus Wirtschaft, Wissenschaft, Politik, Beh\u00f6rden, Offiziere der Deutschen Marine sowie Nachrichten- und maritim Interessierte. Dar\u00fcber hinaus ist die Printausgabe in \u00fcber 100 Buchhandlungen im freien Verkauf erh\u00e4ltlich und damit erreichbar f\u00fcr den gro\u00dfen Kreis interessierter Bootssteuerer und Binnensegler in ganz Deutschland.<\/p>\n<p>Unternehmen, die in Print oder Online des marineforums ihre Inhalte platzieren, sorgen f\u00fcr Aufmerksamkeit bei den Entscheidern und Eink\u00e4ufern, fallen den Fachleuten in Marine und Schifffahrtsindustrie auf, erreichen Sportbootbegeisterte im ganzen Bundesgebiet und er\u00f6ffnen sich die M\u00f6glichkeit effizienter Vernetzung. Wer mit uns wirbt, erh\u00e4lt relevante Reichweite, Zugang zu Menschen, die das Meer lieben \u2013 und denen man an der K\u00fcste zuh\u00f6rt.<\/p>\n<p><strong>Inhaltlich behandeln die Beitr\u00e4ge breite Themenbereiche aus<\/strong><\/p>\n<ul>\n<li>Sicherheitspolitik und Maritime Sicherheit<\/li>\n<li>Deutsche Marine, B\u00fcndnismarinen und Marinen aus aller Welt,<\/li>\n<li>den Komplex Schifffahrt - Technologie - Wirtschaft<\/li>\n<li>aber auch Geschichte und Literatur<\/li>\n<\/ul>\n<p><strong>marineforum und marineforum.online l\u00e4sst euch ganz einfach #meerverstehen.<\/strong><\/p>\n<h3>Erstmals ist marineforum auf der Boot in D\u00fcsseldorf vertreten und geht intensiv in den Austausch mit Partnern aus der zivilen Wirtschaft. Wir werden an dieser Stelle in K\u00fcrze berichten!<\/h3>\n<p>[\/et_pb_text][et_pb_gallery gallery_ids=\"26979,26970,26973,26991,27006,27078,27089,27091\" _builder_version=\"4.19.2\" _module_preset=\"default\" global_colors_info=\"{}\"][\/et_pb_gallery][\/et_pb_column][\/et_pb_row][\/et_pb_section]<\/p>\n","protected":false},"excerpt":{"rendered":"<p>[et_pb_section fb_built=\"1\" _builder_version=\"4.16\" global_colors_info=\"{}\"][et_pb_row _builder_version=\"4.16\" background_size=\"initial\" background_position=\"top_left\" background_repeat=\"repeat\" global_colors_info=\"{}\"][et_pb_column type=\"4_4\" _builder_version=\"4.16\" custom_padding=\"|||\" global_colors_info=\"{}\" custom_padding__hover=\"|||\"][et_pb_text _builder_version=\"4.16\" background_size=\"initial\" background_position=\"top_left\" background_repeat=\"repeat\" global_colors_info=\"{}\"]Mit Nachrichten, Bildern, Reportagen und Podcasts aus der milit\u00e4risch-maritimen Welt h\u00e4lt das marineforum seit mittlerweile \u00fcber 50 Jahren seine Leser auf dem neuesten Stand. Gegr\u00fcndet in den 70er Jahren als Monatszeitschrift ist marineforum mittlerweile eine feste Instanz [&hellip;]<\/p>\n","protected":false},"author":10,"featured_media":26888,"comment_status":"open","ping_status":"closed","sticky":false,"template":"","format":"standard","meta":{"_acf_changed":false,"_oasis_is_in_workflow":0,"_oasis_original":0,"_oasis_task_priority":"4urgent","footnotes":""},"categories":[33,391,42],"tags":[612,5137,2050,5134,293,774,5135,1623,170,421,3722,600,309,5136,70,172,1029],"class_list":["post-26870","post","type-post","status-publish","format-standard","has-post-thumbnail","hentry","category-blog","category-headlines-slider","category-news","tag-meerverstehen","tag-binnensegler","tag-boot","tag-duesseldorf","tag-hamburg","tag-marineforum","tag-maritime-welt","tag-offiziere","tag-politik","tag-schifffahrt","tag-schifffahrtsindustrie","tag-seeleute","tag-sicherheitspolitik","tag-tamm-media-gruppe","tag-technologie","tag-wirtschaft","tag-wissenschaft"],"acf":[],"_links":{"self":[{"href":"https:\/\/marineforum.online\/en\/wp-json\/wp\/v2\/posts\/26870","targetHints":{"allow":["GET"]}}],"collection":[{"href":"https:\/\/marineforum.online\/en\/wp-json\/wp\/v2\/posts"}],"about":[{"href":"https:\/\/marineforum.online\/en\/wp-json\/wp\/v2\/types\/post"}],"author":[{"embeddable":true,"href":"https:\/\/marineforum.online\/en\/wp-json\/wp\/v2\/users\/10"}],"replies":[{"embeddable":true,"href":"https:\/\/marineforum.online\/en\/wp-json\/wp\/v2\/comments?post=26870"}],"version-history":[{"count":1,"href":"https:\/\/marineforum.online\/en\/wp-json\/wp\/v2\/posts\/26870\/revisions"}],"predecessor-version":[{"id":49907,"href":"https:\/\/marineforum.online\/en\/wp-json\/wp\/v2\/posts\/26870\/revisions\/49907"}],"wp:featuredmedia":[{"embeddable":true,"href":"https:\/\/marineforum.online\/en\/wp-json\/wp\/v2\/media\/26888"}],"wp:attachment":[{"href":"https:\/\/marineforum.online\/en\/wp-json\/wp\/v2\/media?parent=26870"}],"wp:term":[{"taxonomy":"category","embeddable":true,"href":"https:\/\/marineforum.online\/en\/wp-json\/wp\/v2\/categories?post=26870"},{"taxonomy":"post_tag","embeddable":true,"href":"https:\/\/marineforum.online\/en\/wp-json\/wp\/v2\/tags?post=26870"}],"curies":[{"name":"wp","href":"https:\/\/api.w.org\/{rel}","templated":true}]}}