{"id":29898,"date":"2023-06-20T14:30:00","date_gmt":"2023-06-20T12:30:00","guid":{"rendered":"https:\/\/marineforum.online\/?p=29898"},"modified":"2023-06-20T12:04:46","modified_gmt":"2023-06-20T10:04:46","slug":"mtg-presents-model-of-the-gorch-fock","status":"publish","type":"post","link":"https:\/\/marineforum.online\/en\/mtg-ueberreicht-modell-der-gorch-fock\/","title":{"rendered":"MTG presents model of the \"Gorch Fock\""},"content":{"rendered":"<p align=\"LEFT\"><span style=\"color: #000000;\"><span style=\"font-family: Arial, sans-serif;\"><span style=\"font-size: medium;\">At the Sunday reception of Kiel Week 2023 on the frigate \"Bayern\", Guido Gerdemann, Managing Director of Hamburg-based MTG Marinetechnik GmbH, presented a model of the \"Gorch Fock\" to Vice Admiral Jan Christian Kaack, Inspector of the German Navy. As the sail training ship is currently in the North Atlantic and cannot be in Kiel, the Hamburg think tank and naval design office took the opportunity to bring along the 1:62 scale model as a replacement and special gift for the 175th anniversary of the German Navy and present it to the inspector.<\/span><\/span><\/span><\/p>\n<figure id=\"attachment_29933\" aria-describedby=\"caption-attachment-29933\" style=\"width: 1200px\" class=\"wp-caption aligncenter\"><img fetchpriority=\"high\" decoding=\"async\" class=\"wp-image-29933 size-full\" src=\"\/wp-content\/uploads\/2023\/06\/webMTG-Gorch-Fock-3.jpg\" alt=\"\" width=\"1200\" height=\"800\" srcset=\"\/wp-content\/uploads\/2023\/06\/webMTG-Gorch-Fock-3.jpg 1200w, \/wp-content\/uploads\/2023\/06\/webMTG-Gorch-Fock-3-300x200.jpg 300w, \/wp-content\/uploads\/2023\/06\/webMTG-Gorch-Fock-3-1024x683.jpg 1024w, \/wp-content\/uploads\/2023\/06\/webMTG-Gorch-Fock-3-768x512.jpg 768w, \/wp-content\/uploads\/2023\/06\/webMTG-Gorch-Fock-3-1080x720.jpg 1080w, \/wp-content\/uploads\/2023\/06\/webMTG-Gorch-Fock-3-750x500.jpg 750w, \/wp-content\/uploads\/2023\/06\/webMTG-Gorch-Fock-3-1140x760.jpg 1140w\" sizes=\"(max-width: 1200px) 100vw, 1200px\" \/><figcaption id=\"caption-attachment-29933\" class=\"wp-caption-text\">Handover of the model from MTG, Photo: MTG<\/figcaption><\/figure>\n<p align=\"LEFT\"><span style=\"color: #000000;\"><span style=\"font-family: Arial, sans-serif;\"><span style=\"font-size: medium;\">In his speech, Gerdemann emphasised that Kiel Week should not take place without a \"Gorch Fock\" - after all, this is her home port - while he raised a glass to the German Navy together with the 200 or so invited guests on the frigate at the Gorch Fock pier in Kiel. In addition to speeches by Vice Admiral Kaack, the Minister of the Interior of Schleswig-Holstein Dr Sabine S\u00fctterlin-Waack (CDU), the Lord Mayor of Kiel Dr Ulf K\u00e4mpfer (SPD) and the commander of the \"Bayern\", Frigate Captain Dennis Fauerbach, also had their say. <\/span><\/span><\/span><\/p>\n<figure id=\"attachment_29931\" aria-describedby=\"caption-attachment-29931\" style=\"width: 289px\" class=\"wp-caption alignright\"><img decoding=\"async\" class=\"wp-image-29931\" src=\"\/wp-content\/uploads\/2023\/06\/webMTG-Gorch-Fock-225x300.jpg\" alt=\"Guido Gerdemann, Vice Admiral Jan Christian Kaack, Photo: MTG \" width=\"289\" height=\"385\" srcset=\"\/wp-content\/uploads\/2023\/06\/webMTG-Gorch-Fock-225x300.jpg 225w, \/wp-content\/uploads\/2023\/06\/webMTG-Gorch-Fock-768x1024.jpg 768w, \/wp-content\/uploads\/2023\/06\/webMTG-Gorch-Fock-1152x1536.jpg 1152w, \/wp-content\/uploads\/2023\/06\/webMTG-Gorch-Fock-1080x1440.jpg 1080w, \/wp-content\/uploads\/2023\/06\/webMTG-Gorch-Fock-360x480.jpg 360w, \/wp-content\/uploads\/2023\/06\/webMTG-Gorch-Fock-750x1000.jpg 750w, \/wp-content\/uploads\/2023\/06\/webMTG-Gorch-Fock-1140x1520.jpg 1140w, \/wp-content\/uploads\/2023\/06\/webMTG-Gorch-Fock.jpg 1200w\" sizes=\"(max-width: 289px) 100vw, 289px\" \/><figcaption id=\"caption-attachment-29931\" class=\"wp-caption-text\">Guido Gerdemann, Vice Admiral Jan Christian Kaack, Photo: MTG<\/figcaption><\/figure>\n<p align=\"LEFT\"><strong><span style=\"color: #000000;\"><span style=\"font-family: Arial, sans-serif;\"><span style=\"font-size: medium;\">MTG Marinetechnik GmbH<\/span><\/span><\/span><\/strong><\/p>\n<p align=\"LEFT\"><span style=\"color: #000000;\"><span style=\"font-family: Arial, sans-serif;\"><span style=\"font-size: medium;\">MTG was founded in Hamburg in 1966. It advises its clients in Germany and abroad independently and without any vested interests on all issues relating to the planning and realisation of complex procurement projects, in particular for naval vessels. Before developing technical solutions for overall maritime systems, it provides support in the preliminary design phase to ensure that the first steps are taken in the right direction. Platform requirements, risks and benefits, forecast costs and system architectures are incorporated into the modelling of the entire process in order to make decisions and effects transparent. Detailed technical and economic analyses of maritime platforms are carried out by interdisciplinary project teams at MTG.<\/span><\/span><\/span><\/p>","protected":false},"excerpt":{"rendered":"<p>Beim Sonntags-Empfang der Kieler Woche 2023 auf der Fregatte \"Bayern\" \u00fcberreichte Guido Gerdemann, Gesch\u00e4ftsf\u00fchrer der Hamburger MTG Marinetechnik GmbH, ein Modell der \"Gorch Fock\" an Vizeadmiral Jan Christian Kaack, Inspekteur der Deutschen Marine. Da das Segelschulschiff sich zur Zeit im Nordatlantik befindet und nicht in Kiel sein kann, lie\u00df es sich das Hamburger Thinktank- und [&hellip;]<\/p>\n","protected":false},"author":10,"featured_media":29930,"comment_status":"open","ping_status":"closed","sticky":false,"template":"","format":"standard","meta":{"_acf_changed":false,"_oasis_is_in_workflow":0,"_oasis_original":0,"_oasis_task_priority":"2normal","footnotes":""},"categories":[50,486,42,48],"tags":[182,977,293,5719,1788,425,1617,2219,3705,3704,5720],"class_list":["post-29898","post","type-post","status-publish","format-standard","has-post-thumbnail","hentry","category-sicherheitspolitik-news","category-headlines","category-news","category-schifffahrt-news","tag-deutsche-marine","tag-fregatte-bayern","tag-hamburg","tag-inspekteru-marine","tag-jan-kaack","tag-kiel","tag-kieler-woche","tag-marinegeburtstag","tag-marinetechnik","tag-mtg","tag-planungsgesellschaft"],"acf":[],"_links":{"self":[{"href":"https:\/\/marineforum.online\/en\/wp-json\/wp\/v2\/posts\/29898","targetHints":{"allow":["GET"]}}],"collection":[{"href":"https:\/\/marineforum.online\/en\/wp-json\/wp\/v2\/posts"}],"about":[{"href":"https:\/\/marineforum.online\/en\/wp-json\/wp\/v2\/types\/post"}],"author":[{"embeddable":true,"href":"https:\/\/marineforum.online\/en\/wp-json\/wp\/v2\/users\/10"}],"replies":[{"embeddable":true,"href":"https:\/\/marineforum.online\/en\/wp-json\/wp\/v2\/comments?post=29898"}],"version-history":[{"count":0,"href":"https:\/\/marineforum.online\/en\/wp-json\/wp\/v2\/posts\/29898\/revisions"}],"wp:featuredmedia":[{"embeddable":true,"href":"https:\/\/marineforum.online\/en\/wp-json\/wp\/v2\/media\/29930"}],"wp:attachment":[{"href":"https:\/\/marineforum.online\/en\/wp-json\/wp\/v2\/media?parent=29898"}],"wp:term":[{"taxonomy":"category","embeddable":true,"href":"https:\/\/marineforum.online\/en\/wp-json\/wp\/v2\/categories?post=29898"},{"taxonomy":"post_tag","embeddable":true,"href":"https:\/\/marineforum.online\/en\/wp-json\/wp\/v2\/tags?post=29898"}],"curies":[{"name":"wp","href":"https:\/\/api.w.org\/{rel}","templated":true}]}}