{"id":34204,"date":"2023-12-07T11:30:48","date_gmt":"2023-12-07T10:30:48","guid":{"rendered":"https:\/\/marineforum.online\/?p=34204"},"modified":"2023-12-07T11:09:24","modified_gmt":"2023-12-07T10:09:24","slug":"the-maritime-annual-calendar-2024-by-marine-painter-olaf-rahardt","status":"publish","type":"post","link":"https:\/\/marineforum.online\/en\/der-maritime-jahreskalender-2024-von-marinemaler-olaf-rahardt\/","title":{"rendered":"The maritime annual calendar 2024 by marine painter Olaf Rahardt"},"content":{"rendered":"<p><img fetchpriority=\"high\" decoding=\"async\" class=\"wp-image-34216 alignleft\" src=\"\/wp-content\/uploads\/2023\/12\/Galerie-Flyer-2022-285x300.jpg\" alt=\"\" width=\"339\" height=\"357\" srcset=\"\/wp-content\/uploads\/2023\/12\/Galerie-Flyer-2022-285x300.jpg 285w, \/wp-content\/uploads\/2023\/12\/Galerie-Flyer-2022-972x1024.jpg 972w, \/wp-content\/uploads\/2023\/12\/Galerie-Flyer-2022-768x809.jpg 768w, \/wp-content\/uploads\/2023\/12\/Galerie-Flyer-2022-1080x1138.jpg 1080w, \/wp-content\/uploads\/2023\/12\/Galerie-Flyer-2022-750x790.jpg 750w, \/wp-content\/uploads\/2023\/12\/Galerie-Flyer-2022-1140x1201.jpg 1140w, \/wp-content\/uploads\/2023\/12\/Galerie-Flyer-2022.jpg 1200w\" sizes=\"(max-width: 339px) 100vw, 339px\" \/>In keeping with tradition, the new annual calendar has been printed in high quality * A varied selection of images provides 13 insights into historical and contemporary shipping events, reproduced from original oil or gouache paintings. Additionally an informative reverse side. The format is 40 x 50 cm, paper surface silk matt, hanging with wire ring binding. Price 32,- \u20ac. Shipping costs 8,- \u20ac. (individually shrink-wrapped with cardboard packaging).<\/p>\n<p>Orders via marinemaler-olaf-rahardt@t-online.de or direct sale in the gallery, Marktstra\u00dfe 4, 07407 Rudolstadt. <a href=\"http:\/\/www.marinemaler-olaf-rahardt.de\" target=\"_blank\" rel=\"noopener noreferrer nofollow\">www.marinemaler-olaf-rahardt.de<\/a><\/p>\n<p>*Produced by BRANDT-Druck, Ilmenau Olaf Rahardt<\/p>\n<p>Olaf Rahardt<br \/>\nMarine painter<br \/>\nPhone: 01621884947<br \/>\nMail: marinemaler-olaf-rahardt@t-online.de<br \/>\nInternet: <a href=\"http:\/\/www.marinemaler-olaf-rahardt.de\" target=\"_blank\" rel=\"noopener noreferrer nofollow\">www.marinemaler-olaf-rahardt.de<\/a><\/p>","protected":false},"excerpt":{"rendered":"<p>Einer guten Tradition folgend wurde auch f\u00fcr den neuen Jahreskalender gr\u00f6\u00dfter Wert gelegt auf hochwertige Druckqualit\u00e4t.* Eine abwechslungsreiche Bildauswahl gibt 13 Einblicke in historische und gegenw\u00e4rtige Schifffahrtsereignisse, reproduziert nach originalen \u00d6l- oder Gouache-Gem\u00e4lden. Zus\u00e4tzlich eine informative R\u00fcckseite. Das Format betr\u00e4gt 40 x 50 cm, Papieroberfl\u00e4che seidenmatt, Aufh\u00e4ngung mit Drahtringbindung. Preis 32,- \u20ac. Versandkosten 8,- \u20ac. [&hellip;]<\/p>\n","protected":false},"author":10,"featured_media":34218,"comment_status":"open","ping_status":"closed","sticky":false,"template":"","format":"standard","meta":{"_acf_changed":false,"_oasis_is_in_workflow":0,"_oasis_original":0,"_oasis_task_priority":"","footnotes":""},"categories":[42,486],"tags":[6449,6450],"class_list":["post-34204","post","type-post","status-publish","format-standard","has-post-thumbnail","hentry","category-news","category-headlines","tag-jahreskalender","tag-olaf-rahardt"],"acf":[],"_links":{"self":[{"href":"https:\/\/marineforum.online\/en\/wp-json\/wp\/v2\/posts\/34204","targetHints":{"allow":["GET"]}}],"collection":[{"href":"https:\/\/marineforum.online\/en\/wp-json\/wp\/v2\/posts"}],"about":[{"href":"https:\/\/marineforum.online\/en\/wp-json\/wp\/v2\/types\/post"}],"author":[{"embeddable":true,"href":"https:\/\/marineforum.online\/en\/wp-json\/wp\/v2\/users\/10"}],"replies":[{"embeddable":true,"href":"https:\/\/marineforum.online\/en\/wp-json\/wp\/v2\/comments?post=34204"}],"version-history":[{"count":0,"href":"https:\/\/marineforum.online\/en\/wp-json\/wp\/v2\/posts\/34204\/revisions"}],"wp:featuredmedia":[{"embeddable":true,"href":"https:\/\/marineforum.online\/en\/wp-json\/wp\/v2\/media\/34218"}],"wp:attachment":[{"href":"https:\/\/marineforum.online\/en\/wp-json\/wp\/v2\/media?parent=34204"}],"wp:term":[{"taxonomy":"category","embeddable":true,"href":"https:\/\/marineforum.online\/en\/wp-json\/wp\/v2\/categories?post=34204"},{"taxonomy":"post_tag","embeddable":true,"href":"https:\/\/marineforum.online\/en\/wp-json\/wp\/v2\/tags?post=34204"}],"curies":[{"name":"wp","href":"https:\/\/api.w.org\/{rel}","templated":true}]}}