{"id":35767,"date":"2024-02-22T12:00:00","date_gmt":"2024-02-22T11:00:00","guid":{"rendered":"https:\/\/marineforum.online\/?p=35767"},"modified":"2025-09-29T21:08:34","modified_gmt":"2025-09-29T19:08:34","slug":"interview-with-rolf-martens-founding-member-of-the-dmi-and-first-editor-in-chief-of-marineforum","status":"publish","type":"post","link":"https:\/\/marineforum.online\/en\/interview-mit-rolf-martens-gruendungsmitglied-des-dmi-und-erster-chefredakteur-bei-marineforum\/","title":{"rendered":"Interview with Rolf Martens, founding member of the DMI and first editor-in-chief of marineforum"},"content":{"rendered":"<p><strong>Maritime Convention\u00a0<\/strong><\/p>\n<p>Of course, one person could not be missing at the 16th Maritime Convention under the motto \"50 years of the German Maritime Institute\": Rolf Martens, founding member of the DMI and first editor-in-chief of marineforum. He is the last living founder of the institute, a contemporary witness who remembers exactly why the DMI was founded back then: \"When we founded the institute 50 years ago, it was not a spontaneous foundation. It was something we had been thinking about for several years. We wanted to create a circle that would deal with maritime issues in an overarching way.\" The foundation of the German Maritime Institute - initially still called the \"German Marine Institute\" - was intended to achieve a stronger external impact. Then as now, this was complemented by the marineforum magazine. This combination of institute and magazine was and is important in order not only to inform and educate, but also to involve other institutions, for example in the form of seminar and lecture series or scientific papers. How does Rolf Martens assess the development from the analogue beginnings to the digital age today? Watch the whole interview now!<\/p>\n<p><iframe title=\"Interview with Rolf Martens, founding member of the DMI and first editor-in-chief of marineforum\" width=\"800\" height=\"450\" src=\"https:\/\/www.youtube.com\/embed\/d7HuqhLRkCo?feature=oembed\" frameborder=\"0\" allow=\"accelerometer; autoplay; clipboard-write; encrypted-media; gyroscope; picture-in-picture; web-share\" referrerpolicy=\"strict-origin-when-cross-origin\" allowfullscreen><\/iframe><\/p>","protected":false},"excerpt":{"rendered":"<p>Maritime Convention\u00a0 Einer durfte bei der 16. Maritime Convention zum Motto \u201e50 Jahre Deutsches Maritimes Institut\" nat\u00fcrlich nicht fehlen: Rolf Martens, Gr\u00fcndungsmitglied des DMI und erster Chefredakteur bei marineforum. Er ist der letzte noch lebende Gr\u00fcnder des Instituts, ein Zeitzeuge, der sich noch genau daran erinnert, warum das DMI damals ins Leben gerufen wurde: \u201eAls [&hellip;]<\/p>\n","protected":false},"author":10,"featured_media":35769,"comment_status":"open","ping_status":"closed","sticky":false,"template":"","format":"standard","meta":{"_acf_changed":false,"_oasis_is_in_workflow":0,"_oasis_original":0,"_oasis_task_priority":"2normal","footnotes":""},"categories":[42,6244,486],"tags":[6877,124,6876,4394,1329,6875,1401],"class_list":["post-35767","post","type-post","status-publish","format-standard","has-post-thumbnail","hentry","category-news","category-dmi","category-headlines","tag-chefredakteur","tag-dmi","tag-gruendungsmitglied","tag-interview","tag-maritime-convention","tag-rolf-martens","tag-zeitzeuge"],"acf":[],"_links":{"self":[{"href":"https:\/\/marineforum.online\/en\/wp-json\/wp\/v2\/posts\/35767","targetHints":{"allow":["GET"]}}],"collection":[{"href":"https:\/\/marineforum.online\/en\/wp-json\/wp\/v2\/posts"}],"about":[{"href":"https:\/\/marineforum.online\/en\/wp-json\/wp\/v2\/types\/post"}],"author":[{"embeddable":true,"href":"https:\/\/marineforum.online\/en\/wp-json\/wp\/v2\/users\/10"}],"replies":[{"embeddable":true,"href":"https:\/\/marineforum.online\/en\/wp-json\/wp\/v2\/comments?post=35767"}],"version-history":[{"count":1,"href":"https:\/\/marineforum.online\/en\/wp-json\/wp\/v2\/posts\/35767\/revisions"}],"predecessor-version":[{"id":49774,"href":"https:\/\/marineforum.online\/en\/wp-json\/wp\/v2\/posts\/35767\/revisions\/49774"}],"wp:featuredmedia":[{"embeddable":true,"href":"https:\/\/marineforum.online\/en\/wp-json\/wp\/v2\/media\/35769"}],"wp:attachment":[{"href":"https:\/\/marineforum.online\/en\/wp-json\/wp\/v2\/media?parent=35767"}],"wp:term":[{"taxonomy":"category","embeddable":true,"href":"https:\/\/marineforum.online\/en\/wp-json\/wp\/v2\/categories?post=35767"},{"taxonomy":"post_tag","embeddable":true,"href":"https:\/\/marineforum.online\/en\/wp-json\/wp\/v2\/tags?post=35767"}],"curies":[{"name":"wp","href":"https:\/\/api.w.org\/{rel}","templated":true}]}}