{"id":39327,"date":"2024-08-07T15:37:00","date_gmt":"2024-08-07T13:37:00","guid":{"rendered":"https:\/\/marineforum.online\/?p=39327"},"modified":"2025-09-29T21:05:25","modified_gmt":"2025-09-29T19:05:25","slug":"norway-goes-indo-pacific","status":"publish","type":"post","link":"https:\/\/marineforum.online\/en\/norwegen-goes-indo-pacific\/","title":{"rendered":"Norway goes Indo-Pacific"},"content":{"rendered":"<p>Germany is not alone in wanting to play a greater role in the Indo-Pacific. The Norwegian Navy will take part in the Indo-Pacific voyage of an aircraft carrier group led by the Royal Navy scheduled for 2025. \"This is a significant Norwegian contribution to ensuring security and the free use of the sea,\" said Defence Minister Bj\u00f8rn Arild Gram during a visit to his British counterpart John Healey in London on 6 August 2024.<\/p>\n<figure id=\"attachment_39330\" aria-describedby=\"caption-attachment-39330\" style=\"width: 379px\" class=\"wp-caption alignleft\"><img fetchpriority=\"high\" decoding=\"async\" class=\"wp-image-39330\" src=\"\/wp-content\/uploads\/2024\/08\/nor-Bjorn_Arild_Gram-John_Healey-MoD_Norb.berglund-e1723037742306-300x213.jpg\" alt=\"Bj\u00f6rn Arild Gram (centre) visits John Healey. Photo: MoD Oslo\/N.Berglund\" width=\"379\" height=\"269\" srcset=\"\/wp-content\/uploads\/2024\/08\/nor-Bjorn_Arild_Gram-John_Healey-MoD_Norb.berglund-e1723037742306-300x213.jpg 300w, \/wp-content\/uploads\/2024\/08\/nor-Bjorn_Arild_Gram-John_Healey-MoD_Norb.berglund-e1723037742306-1024x725.jpg 1024w, \/wp-content\/uploads\/2024\/08\/nor-Bjorn_Arild_Gram-John_Healey-MoD_Norb.berglund-e1723037742306-768x544.jpg 768w, \/wp-content\/uploads\/2024\/08\/nor-Bjorn_Arild_Gram-John_Healey-MoD_Norb.berglund-e1723037742306-1536x1088.jpg 1536w, \/wp-content\/uploads\/2024\/08\/nor-Bjorn_Arild_Gram-John_Healey-MoD_Norb.berglund-e1723037742306-400x284.jpg 400w, \/wp-content\/uploads\/2024\/08\/nor-Bjorn_Arild_Gram-John_Healey-MoD_Norb.berglund-e1723037742306-1080x765.jpg 1080w, \/wp-content\/uploads\/2024\/08\/nor-Bjorn_Arild_Gram-John_Healey-MoD_Norb.berglund-e1723037742306-750x531.jpg 750w, \/wp-content\/uploads\/2024\/08\/nor-Bjorn_Arild_Gram-John_Healey-MoD_Norb.berglund-e1723037742306-1140x808.jpg 1140w, \/wp-content\/uploads\/2024\/08\/nor-Bjorn_Arild_Gram-John_Healey-MoD_Norb.berglund-e1723037742306.jpg 1920w\" sizes=\"(max-width: 379px) 100vw, 379px\" \/><figcaption id=\"caption-attachment-39330\" class=\"wp-caption-text\">Bj\u00f6rn Arild Gram (centre) visits John Healey. Photo: MoD Oslo\/N.Berglund<\/figcaption><\/figure>\n<p>Gram went on to explain that developments in the Indo-Pacific region are becoming increasingly important for security in the world and are also receiving increased attention in NATO. Ultimately, the developments there would not remain without an impact on Norwegian security. \"By participating in the UK-led aircraft carrier group, we will gain more insight and knowledge about the security situation in the region,\" said Gram.<\/p>\n<p>In addition to a frigate (as yet unnamed) integrated into the aircraft carrier group, the task force supply ship \"Maud\" is to take part in parts of the Indo-Pacific voyage.<\/p>","protected":false},"excerpt":{"rendered":"<p>Nicht nur Deutschland will eine gr\u00f6\u00dfere Rolle im Indopazifik spielen. Die norwegische Marine wird an der f\u00fcr 2025 vorgesehenen Indopazifikreise einer von der Royal Navy gef\u00fchrten Flugzeugtr\u00e4gergruppe teilnehmen. \u201eDies ist ein bedeutender norwegischer Beitrag zur Gew\u00e4hrleistung der Sicherheit und der freien Nutzung der See\u201c, sagte Verteidigungsminister Bj\u00f8rn Arild Gram beim Besuch seines britischen Amtskollegen John [&hellip;]<\/p>\n","protected":false},"author":10,"featured_media":39333,"comment_status":"open","ping_status":"closed","sticky":false,"template":"","format":"standard","meta":{"_acf_changed":false,"_oasis_is_in_workflow":0,"_oasis_original":0,"_oasis_task_priority":"2normal","footnotes":""},"categories":[42,45,50],"tags":[7798,112,338,115,837,7797,238,6545,2536],"class_list":["post-39327","post","type-post","status-publish","format-standard","has-post-thumbnail","hentry","category-news","category-marinen-aus-aller-welt-news","category-sicherheitspolitik-news","tag-britain","tag-flugzeugtraeger","tag-fregatte","tag-grossbritannien","tag-indopazifik","tag-maud","tag-norwegen","tag-norwegische-marine","tag-traegergruppe"],"acf":[],"_links":{"self":[{"href":"https:\/\/marineforum.online\/en\/wp-json\/wp\/v2\/posts\/39327","targetHints":{"allow":["GET"]}}],"collection":[{"href":"https:\/\/marineforum.online\/en\/wp-json\/wp\/v2\/posts"}],"about":[{"href":"https:\/\/marineforum.online\/en\/wp-json\/wp\/v2\/types\/post"}],"author":[{"embeddable":true,"href":"https:\/\/marineforum.online\/en\/wp-json\/wp\/v2\/users\/10"}],"replies":[{"embeddable":true,"href":"https:\/\/marineforum.online\/en\/wp-json\/wp\/v2\/comments?post=39327"}],"version-history":[{"count":1,"href":"https:\/\/marineforum.online\/en\/wp-json\/wp\/v2\/posts\/39327\/revisions"}],"predecessor-version":[{"id":49571,"href":"https:\/\/marineforum.online\/en\/wp-json\/wp\/v2\/posts\/39327\/revisions\/49571"}],"wp:featuredmedia":[{"embeddable":true,"href":"https:\/\/marineforum.online\/en\/wp-json\/wp\/v2\/media\/39333"}],"wp:attachment":[{"href":"https:\/\/marineforum.online\/en\/wp-json\/wp\/v2\/media?parent=39327"}],"wp:term":[{"taxonomy":"category","embeddable":true,"href":"https:\/\/marineforum.online\/en\/wp-json\/wp\/v2\/categories?post=39327"},{"taxonomy":"post_tag","embeddable":true,"href":"https:\/\/marineforum.online\/en\/wp-json\/wp\/v2\/tags?post=39327"}],"curies":[{"name":"wp","href":"https:\/\/api.w.org\/{rel}","templated":true}]}}