{"id":40546,"date":"2024-11-01T10:00:32","date_gmt":"2024-11-01T09:00:32","guid":{"rendered":"https:\/\/marineforum.online\/?p=40546"},"modified":"2025-09-29T20:58:53","modified_gmt":"2025-09-29T18:58:53","slug":"brazil-a-new-f200-is-being-built-under-the-aegis-of-tkms","status":"publish","type":"post","link":"https:\/\/marineforum.online\/en\/brasilien-unter-der-aegide-von-tkms-entsteht-eine-neue-f200\/","title":{"rendered":"Brazil - a new F200 is being built under the aegis of tkMS"},"content":{"rendered":"<p>The F200 \"Tamandar\u00e9\" frigate (107 metres, 3,500 tonnes), which was built by the Consorcio Aguas Azuis consortium, a merger of thyssenkrupp Marine Systems, Embraer Defence &amp; Security and Atech in 2020, was the first of four ships to be built for the Brazilian Navy at the Oceana shipyard in Itaja\u00ed (500 kilometres southwest of Rio). The christening took place there in the first days of August, followed by the launch a few days later - commissioning is scheduled for 2025. During the celebrations, the announcement that the well-running programme would be expanded to eight units was almost overlooked. In addition to the highly welcome technology transfer from Germany, the local construction share amounts to around 40% and also means a strengthening of the three-way relationship between the government, industry and universities involved in the programme for Brazil.<\/p>","protected":false},"excerpt":{"rendered":"<p>Vier Jahre war es recht still gewesen um die Fregatte F200 \"Tamandar\u00e9\" (107 Meter, 3.500 Tonnen), die von der Arbeitsgemeinschaft Consorcio Aguas Azuis, einem 2020 erfolgten Zusammenschluss von thyssenkrupp Marine Systems, Embraer Defence &amp; Security und Atech, als erste von vier Schiffen f\u00fcr die brasilianische Marine auf der Oceana-Werft in Itaja\u00ed (500 Kilometer s\u00fcdwestlich von [&hellip;]<\/p>\n","protected":false},"author":10,"featured_media":40548,"comment_status":"open","ping_status":"closed","sticky":false,"template":"","format":"standard","meta":{"_acf_changed":false,"_oasis_is_in_workflow":0,"_oasis_original":0,"_oasis_task_priority":"","footnotes":""},"categories":[23,486,32],"tags":[1654,8257,8256,8259,8258,2533],"class_list":["post-40546","post","type-post","status-publish","format-standard","has-post-thumbnail","hentry","category-marinen-aus-aller-welt","category-headlines","category-magazin","tag-brasilianische-marine","tag-embraer-defence-security","tag-fregatte-f200-tamandare","tag-oceana-werft-itajai","tag-stapellauf-fregatte","tag-thyssenkrupp-marine-systems"],"acf":[],"_links":{"self":[{"href":"https:\/\/marineforum.online\/en\/wp-json\/wp\/v2\/posts\/40546","targetHints":{"allow":["GET"]}}],"collection":[{"href":"https:\/\/marineforum.online\/en\/wp-json\/wp\/v2\/posts"}],"about":[{"href":"https:\/\/marineforum.online\/en\/wp-json\/wp\/v2\/types\/post"}],"author":[{"embeddable":true,"href":"https:\/\/marineforum.online\/en\/wp-json\/wp\/v2\/users\/10"}],"replies":[{"embeddable":true,"href":"https:\/\/marineforum.online\/en\/wp-json\/wp\/v2\/comments?post=40546"}],"version-history":[{"count":1,"href":"https:\/\/marineforum.online\/en\/wp-json\/wp\/v2\/posts\/40546\/revisions"}],"predecessor-version":[{"id":49433,"href":"https:\/\/marineforum.online\/en\/wp-json\/wp\/v2\/posts\/40546\/revisions\/49433"}],"wp:featuredmedia":[{"embeddable":true,"href":"https:\/\/marineforum.online\/en\/wp-json\/wp\/v2\/media\/40548"}],"wp:attachment":[{"href":"https:\/\/marineforum.online\/en\/wp-json\/wp\/v2\/media?parent=40546"}],"wp:term":[{"taxonomy":"category","embeddable":true,"href":"https:\/\/marineforum.online\/en\/wp-json\/wp\/v2\/categories?post=40546"},{"taxonomy":"post_tag","embeddable":true,"href":"https:\/\/marineforum.online\/en\/wp-json\/wp\/v2\/tags?post=40546"}],"curies":[{"name":"wp","href":"https:\/\/api.w.org\/{rel}","templated":true}]}}