{"id":41301,"date":"2024-11-22T09:00:00","date_gmt":"2024-11-22T08:00:00","guid":{"rendered":"https:\/\/marineforum.online\/?p=41301"},"modified":"2025-09-29T20:58:32","modified_gmt":"2025-09-29T18:58:32","slug":"start-of-burning-of-the-first-fleet-service-boat","status":"publish","type":"post","link":"https:\/\/marineforum.online\/en\/brennbeginn-des-ersten-flottendienstbootes\/","title":{"rendered":"Start of firing of the first fleet service boat"},"content":{"rendered":"<h4>Naval Vessels L\u00fcrssen (NVL) starts the production phase for the fleet service boats<\/h4>\n<p>The fleet service boats OKER, ALSTER and OSTE, which have been in service for more than 30 years, will be replaced by the new units and will be available to the German Navy from 2029.<\/p>\n<p>Together with Annette Lehnigk-Emden, President of the Federal Office of Bundeswehr Equipment, Information Technology and In-Service Support (BAAINBw), Flotilla Admiral Andreas Czerwinski, Head of the Marine Department of the BAAINBw, and L\u00fcrssen Managing Director Justus Reinke, Tim Wagner, CEO of NVL, today pressed the start button to start up the plasma cutting system for the symbolic first steel cut. The order was placed with NVL in 2021.<\/p>\n<p>The construction of the technologically extremely complex new type will take place under strict safety conditions. According to Tim Wagner, the shipyard will \"work together with other North German shipyard partners and leading German systems engineering companies\" to build the 130 metre long Class 424 fleet service boats. Like their predecessors, the reconnaissance platforms will be used to gather information and are equipped with state-of-the-art sensor technology for this purpose. The ships will be operated by the German Navy, with the Bundeswehr's CIR command in charge of operational deployment.<\/p>\n<p>Text and photos: NVL; hsc \/ Lemwerder, 21 November 2024<\/p>\n<div id='gallery-1' class='gallery galleryid-41301 gallery-columns-2 gallery-size-medium'><figure class='gallery-item'>\n\t\t\t<div class='gallery-icon landscape'>\n\t\t\t\t<a href='\/wp-content\/uploads\/2024\/11\/Tim-Wagner\u00a9Foto-Felix-Matthies-Copyright-NVL-Kopie.jpg'><img fetchpriority=\"high\" decoding=\"async\" width=\"300\" height=\"200\" src=\"\/wp-content\/uploads\/2024\/11\/Tim-Wagner\u00a9Foto-Felix-Matthies-Copyright-NVL-Kopie-300x200.jpg\" class=\"attachment-medium size-medium\" alt=\"Tim Wagner, Photo: NVL\/F. Matthies\" srcset=\"\/wp-content\/uploads\/2024\/11\/Tim-Wagner\u00a9Foto-Felix-Matthies-Copyright-NVL-Kopie-300x200.jpg 300w, \/wp-content\/uploads\/2024\/11\/Tim-Wagner\u00a9Foto-Felix-Matthies-Copyright-NVL-Kopie-1024x683.jpg 1024w, \/wp-content\/uploads\/2024\/11\/Tim-Wagner\u00a9Foto-Felix-Matthies-Copyright-NVL-Kopie-768x512.jpg 768w, \/wp-content\/uploads\/2024\/11\/Tim-Wagner\u00a9Foto-Felix-Matthies-Copyright-NVL-Kopie-18x12.jpg 18w, \/wp-content\/uploads\/2024\/11\/Tim-Wagner\u00a9Foto-Felix-Matthies-Copyright-NVL-Kopie-1080x720.jpg 1080w, \/wp-content\/uploads\/2024\/11\/Tim-Wagner\u00a9Foto-Felix-Matthies-Copyright-NVL-Kopie-750x500.jpg 750w, \/wp-content\/uploads\/2024\/11\/Tim-Wagner\u00a9Foto-Felix-Matthies-Copyright-NVL-Kopie-1140x760.jpg 1140w, \/wp-content\/uploads\/2024\/11\/Tim-Wagner\u00a9Foto-Felix-Matthies-Copyright-NVL-Kopie.jpg 1200w\" sizes=\"(max-width: 300px) 100vw, 300px\" \/><\/a>\n\t\t\t<\/div><\/figure><figure class='gallery-item'>\n\t\t\t<div class='gallery-icon landscape'>\n\t\t\t\t<a href='\/wp-content\/uploads\/2024\/11\/Plasmaschneidanlage-beim-Ausbrennen-der-Silhouette\u00a9Foto-Felix-Matthies-Copyright-NVL-Kopie.jpg'><img decoding=\"async\" width=\"300\" height=\"200\" src=\"\/wp-content\/uploads\/2024\/11\/Plasmaschneidanlage-beim-Ausbrennen-der-Silhouette\u00a9Foto-Felix-Matthies-Copyright-NVL-Kopie-300x200.jpg\" class=\"attachment-medium size-medium\" alt=\"Plasma cutting system burning out the silhouette, photo: NVL\/F. Matthies\" srcset=\"\/wp-content\/uploads\/2024\/11\/Plasmaschneidanlage-beim-Ausbrennen-der-Silhouette\u00a9Foto-Felix-Matthies-Copyright-NVL-Kopie-300x200.jpg 300w, \/wp-content\/uploads\/2024\/11\/Plasmaschneidanlage-beim-Ausbrennen-der-Silhouette\u00a9Foto-Felix-Matthies-Copyright-NVL-Kopie-1024x683.jpg 1024w, \/wp-content\/uploads\/2024\/11\/Plasmaschneidanlage-beim-Ausbrennen-der-Silhouette\u00a9Foto-Felix-Matthies-Copyright-NVL-Kopie-768x512.jpg 768w, \/wp-content\/uploads\/2024\/11\/Plasmaschneidanlage-beim-Ausbrennen-der-Silhouette\u00a9Foto-Felix-Matthies-Copyright-NVL-Kopie-18x12.jpg 18w, \/wp-content\/uploads\/2024\/11\/Plasmaschneidanlage-beim-Ausbrennen-der-Silhouette\u00a9Foto-Felix-Matthies-Copyright-NVL-Kopie-1080x720.jpg 1080w, \/wp-content\/uploads\/2024\/11\/Plasmaschneidanlage-beim-Ausbrennen-der-Silhouette\u00a9Foto-Felix-Matthies-Copyright-NVL-Kopie-750x500.jpg 750w, \/wp-content\/uploads\/2024\/11\/Plasmaschneidanlage-beim-Ausbrennen-der-Silhouette\u00a9Foto-Felix-Matthies-Copyright-NVL-Kopie-1140x760.jpg 1140w, \/wp-content\/uploads\/2024\/11\/Plasmaschneidanlage-beim-Ausbrennen-der-Silhouette\u00a9Foto-Felix-Matthies-Copyright-NVL-Kopie.jpg 1200w\" sizes=\"(max-width: 300px) 100vw, 300px\" \/><\/a>\n\t\t\t<\/div><\/figure><figure class='gallery-item'>\n\t\t\t<div class='gallery-icon landscape'>\n\t\t\t\t<a href='\/wp-content\/uploads\/2024\/11\/v.l.-Maxine-Fiona-Massel-Andreas-Czerwinski-Mervyn-Marcussen-Annette-Lehnigk-Emden\u00a9Foto-Felix-Matthies-Copyright-NVL-4-Kopie.jpg'><img decoding=\"async\" width=\"300\" height=\"200\" src=\"\/wp-content\/uploads\/2024\/11\/v.l.-Maxine-Fiona-Massel-Andreas-Czerwinski-Mervyn-Marcussen-Annette-Lehnigk-Emden\u00a9Foto-Felix-Matthies-Copyright-NVL-4-Kopie-300x200.jpg\" class=\"attachment-medium size-medium\" alt=\"f.l. Maxine-Fiona Massel, Andreas Czerwinski, Mervyn Marcussen, Annette Lehnigk-Emden, Photo: NVL\/F. Matthies\" srcset=\"\/wp-content\/uploads\/2024\/11\/v.l.-Maxine-Fiona-Massel-Andreas-Czerwinski-Mervyn-Marcussen-Annette-Lehnigk-Emden\u00a9Foto-Felix-Matthies-Copyright-NVL-4-Kopie-300x200.jpg 300w, \/wp-content\/uploads\/2024\/11\/v.l.-Maxine-Fiona-Massel-Andreas-Czerwinski-Mervyn-Marcussen-Annette-Lehnigk-Emden\u00a9Foto-Felix-Matthies-Copyright-NVL-4-Kopie-1024x683.jpg 1024w, \/wp-content\/uploads\/2024\/11\/v.l.-Maxine-Fiona-Massel-Andreas-Czerwinski-Mervyn-Marcussen-Annette-Lehnigk-Emden\u00a9Foto-Felix-Matthies-Copyright-NVL-4-Kopie-768x512.jpg 768w, \/wp-content\/uploads\/2024\/11\/v.l.-Maxine-Fiona-Massel-Andreas-Czerwinski-Mervyn-Marcussen-Annette-Lehnigk-Emden\u00a9Foto-Felix-Matthies-Copyright-NVL-4-Kopie-18x12.jpg 18w, \/wp-content\/uploads\/2024\/11\/v.l.-Maxine-Fiona-Massel-Andreas-Czerwinski-Mervyn-Marcussen-Annette-Lehnigk-Emden\u00a9Foto-Felix-Matthies-Copyright-NVL-4-Kopie-1080x720.jpg 1080w, \/wp-content\/uploads\/2024\/11\/v.l.-Maxine-Fiona-Massel-Andreas-Czerwinski-Mervyn-Marcussen-Annette-Lehnigk-Emden\u00a9Foto-Felix-Matthies-Copyright-NVL-4-Kopie-750x500.jpg 750w, \/wp-content\/uploads\/2024\/11\/v.l.-Maxine-Fiona-Massel-Andreas-Czerwinski-Mervyn-Marcussen-Annette-Lehnigk-Emden\u00a9Foto-Felix-Matthies-Copyright-NVL-4-Kopie-1140x760.jpg 1140w, \/wp-content\/uploads\/2024\/11\/v.l.-Maxine-Fiona-Massel-Andreas-Czerwinski-Mervyn-Marcussen-Annette-Lehnigk-Emden\u00a9Foto-Felix-Matthies-Copyright-NVL-4-Kopie.jpg 1200w\" sizes=\"(max-width: 300px) 100vw, 300px\" \/><\/a>\n\t\t\t<\/div><\/figure><figure class='gallery-item'>\n\t\t\t<div class='gallery-icon landscape'>\n\t\t\t\t<a href='\/wp-content\/uploads\/2024\/11\/v.l.-Tim-Wagner-Annette-Lehnigk-Emden-Andreas-Czerwinski-Justus-Reinke\u00a9Foto-Felix-Matthies-Copyright-NVL-Kopie.jpg'><img loading=\"lazy\" decoding=\"async\" width=\"300\" height=\"200\" src=\"\/wp-content\/uploads\/2024\/11\/v.l.-Tim-Wagner-Annette-Lehnigk-Emden-Andreas-Czerwinski-Justus-Reinke\u00a9Foto-Felix-Matthies-Copyright-NVL-Kopie-300x200.jpg\" class=\"attachment-medium size-medium\" alt=\"f.l. Tim Wagner, Annette Lehnigk-Emden, Andreas Czerwinski, Justus Reinke, Photo: NVL\/F. Matthies\" srcset=\"\/wp-content\/uploads\/2024\/11\/v.l.-Tim-Wagner-Annette-Lehnigk-Emden-Andreas-Czerwinski-Justus-Reinke\u00a9Foto-Felix-Matthies-Copyright-NVL-Kopie-300x200.jpg 300w, \/wp-content\/uploads\/2024\/11\/v.l.-Tim-Wagner-Annette-Lehnigk-Emden-Andreas-Czerwinski-Justus-Reinke\u00a9Foto-Felix-Matthies-Copyright-NVL-Kopie-1024x683.jpg 1024w, \/wp-content\/uploads\/2024\/11\/v.l.-Tim-Wagner-Annette-Lehnigk-Emden-Andreas-Czerwinski-Justus-Reinke\u00a9Foto-Felix-Matthies-Copyright-NVL-Kopie-768x512.jpg 768w, \/wp-content\/uploads\/2024\/11\/v.l.-Tim-Wagner-Annette-Lehnigk-Emden-Andreas-Czerwinski-Justus-Reinke\u00a9Foto-Felix-Matthies-Copyright-NVL-Kopie-18x12.jpg 18w, \/wp-content\/uploads\/2024\/11\/v.l.-Tim-Wagner-Annette-Lehnigk-Emden-Andreas-Czerwinski-Justus-Reinke\u00a9Foto-Felix-Matthies-Copyright-NVL-Kopie-1080x720.jpg 1080w, \/wp-content\/uploads\/2024\/11\/v.l.-Tim-Wagner-Annette-Lehnigk-Emden-Andreas-Czerwinski-Justus-Reinke\u00a9Foto-Felix-Matthies-Copyright-NVL-Kopie-750x500.jpg 750w, \/wp-content\/uploads\/2024\/11\/v.l.-Tim-Wagner-Annette-Lehnigk-Emden-Andreas-Czerwinski-Justus-Reinke\u00a9Foto-Felix-Matthies-Copyright-NVL-Kopie-1140x760.jpg 1140w, \/wp-content\/uploads\/2024\/11\/v.l.-Tim-Wagner-Annette-Lehnigk-Emden-Andreas-Czerwinski-Justus-Reinke\u00a9Foto-Felix-Matthies-Copyright-NVL-Kopie.jpg 1200w\" sizes=\"(max-width: 300px) 100vw, 300px\" \/><\/a>\n\t\t\t<\/div><\/figure>\n\t\t<\/div>","protected":false},"excerpt":{"rendered":"<p>Naval Vessels L\u00fcrssen (NVL) startet die Fertigungsphase f\u00fcr die Flottendienstboote Die seit mehr als 30 Jahren im Dienst befindlichen Flottendienstboote OKER, ALSTER und OSTE werden durch die neuen Einheiten ersetzt und der Deutschen Marine ab 2029 zur Verf\u00fcgung stehen. Gemeinsam mit Annette Lehnigk-Emden, Pr\u00e4sidentin des Bundesamtes f\u00fcr Ausr\u00fcstung, Informationstechnik und Nutzung der Bundeswehr (BAAINBw), Flottillenadmiral [&hellip;]<\/p>\n","protected":false},"author":10,"featured_media":41320,"comment_status":"open","ping_status":"closed","sticky":false,"template":"","format":"standard","meta":{"_acf_changed":false,"_oasis_is_in_workflow":0,"_oasis_original":0,"_oasis_task_priority":"3high","footnotes":""},"categories":[49,486,42,50],"tags":[953,182,8466,8469,8468,8465,8470,8467],"class_list":["post-41301","post","type-post","status-publish","format-standard","has-post-thumbnail","hentry","category-schiffsbau-news","category-headlines","category-news","category-sicherheitspolitik-news","tag-baainbw","tag-deutsche-marine","tag-flottendienstboote-klasse-424","tag-marineaufklaerung","tag-moderne-sensorik","tag-naval-vessels-luerssen","tag-sicherheitsauflagen","tag-stahlschnitt"],"acf":[],"_links":{"self":[{"href":"https:\/\/marineforum.online\/en\/wp-json\/wp\/v2\/posts\/41301","targetHints":{"allow":["GET"]}}],"collection":[{"href":"https:\/\/marineforum.online\/en\/wp-json\/wp\/v2\/posts"}],"about":[{"href":"https:\/\/marineforum.online\/en\/wp-json\/wp\/v2\/types\/post"}],"author":[{"embeddable":true,"href":"https:\/\/marineforum.online\/en\/wp-json\/wp\/v2\/users\/10"}],"replies":[{"embeddable":true,"href":"https:\/\/marineforum.online\/en\/wp-json\/wp\/v2\/comments?post=41301"}],"version-history":[{"count":1,"href":"https:\/\/marineforum.online\/en\/wp-json\/wp\/v2\/posts\/41301\/revisions"}],"predecessor-version":[{"id":49400,"href":"https:\/\/marineforum.online\/en\/wp-json\/wp\/v2\/posts\/41301\/revisions\/49400"}],"wp:featuredmedia":[{"embeddable":true,"href":"https:\/\/marineforum.online\/en\/wp-json\/wp\/v2\/media\/41320"}],"wp:attachment":[{"href":"https:\/\/marineforum.online\/en\/wp-json\/wp\/v2\/media?parent=41301"}],"wp:term":[{"taxonomy":"category","embeddable":true,"href":"https:\/\/marineforum.online\/en\/wp-json\/wp\/v2\/categories?post=41301"},{"taxonomy":"post_tag","embeddable":true,"href":"https:\/\/marineforum.online\/en\/wp-json\/wp\/v2\/tags?post=41301"}],"curies":[{"name":"wp","href":"https:\/\/api.w.org\/{rel}","templated":true}]}}