{"id":41809,"date":"2024-12-16T11:30:00","date_gmt":"2024-12-16T10:30:00","guid":{"rendered":"https:\/\/marineforum.online\/?p=41809"},"modified":"2025-09-29T20:58:02","modified_gmt":"2025-09-29T18:58:02","slug":"book-tip-for-the-third-advent-generation-w-15-456-days-with-the-federal-government","status":"publish","type":"post","link":"https:\/\/marineforum.online\/en\/buchtipp-zum-dritten-advent-generation-w-15-456-tage-beim-bund\/","title":{"rendered":"Book tip: Generation W 15 - 456 days \"at the Bund\""},"content":{"rendered":"<p><strong>What do we want to read at Christmas? The same question every year, because you think you have time for it. How about this, as a reminder of your time at the Bund?<\/strong><\/p>\n<p>Over ten years ago, in 2011, compulsory military service was suspended in Germany. The war in Ukraine brought the discussion back. For the authors Gerrit Reichert and Benjamin Vorh\u00f6lter, this was the impetus to document the West German conscription form W 15. Step by step, from the draft enrolment letter to mustering, \"Grundi\", basic training and leaving, they recall the structure and mentality of the conscript army of the time. Together with their readers, they marvel at what was possible back then and what the consequences were for the Bundeswehr and civil society. Anyone discussing conscription today should know how conscription worked and should definitely have read this unique book!<\/p>\n<p style=\"text-align: center;\"><a href=\"https:\/\/koehler-mittler-shop.de\/shop\/mittler\/zeitgeschichte-programm-mittler\/gerrit-reichert-benjamin-vorhoelter-generation-w-15-456-tage-beim-bund\/\" target=\"_blank\" rel=\"noopener noreferrer nofollow\"><button class=\"mfo-button\">About the book<\/button><\/a><\/p>","protected":false},"excerpt":{"rendered":"<p>Was wollen wir Weihnachten lesen? Jedes Jahr die gleiche Frage, weil man meint, daf\u00fcr Zeit zu haben. Wie w\u00e4r's hiermit, als Erinnerung an die Zeit beim Bund? Vor \u00fcber zehn Jahren, 2011, wurde die Wehrpflicht in Deutschland ausgesetzt. Der Ukraine-Krieg hat die Diskussion zur\u00fcckgebracht. F\u00fcr die Autoren Gerrit Reichert und Benjamin Vorh\u00f6lter war das der [&hellip;]<\/p>\n","protected":false},"author":10,"featured_media":41865,"comment_status":"open","ping_status":"closed","sticky":false,"template":"","format":"standard","meta":{"_acf_changed":false,"_oasis_is_in_workflow":0,"_oasis_original":0,"_oasis_task_priority":"2normal","footnotes":""},"categories":[35,33],"tags":[8603,193,4689,8602,2697,3149,2410,8600,5393,8601],"class_list":["post-41809","post","type-post","status-publish","format-standard","has-post-thumbnail","hentry","category-buecher-blog","category-blog","tag-benjamin-vorhoelter","tag-bundeswehr","tag-deutsche-geschichte","tag-gerrit-reichert","tag-militaergeschichte","tag-ukrainekrieg","tag-verteidigungspolitik","tag-w-15","tag-wehrpflicht","tag-weihnachtslektuere"],"acf":[],"_links":{"self":[{"href":"https:\/\/marineforum.online\/en\/wp-json\/wp\/v2\/posts\/41809","targetHints":{"allow":["GET"]}}],"collection":[{"href":"https:\/\/marineforum.online\/en\/wp-json\/wp\/v2\/posts"}],"about":[{"href":"https:\/\/marineforum.online\/en\/wp-json\/wp\/v2\/types\/post"}],"author":[{"embeddable":true,"href":"https:\/\/marineforum.online\/en\/wp-json\/wp\/v2\/users\/10"}],"replies":[{"embeddable":true,"href":"https:\/\/marineforum.online\/en\/wp-json\/wp\/v2\/comments?post=41809"}],"version-history":[{"count":1,"href":"https:\/\/marineforum.online\/en\/wp-json\/wp\/v2\/posts\/41809\/revisions"}],"predecessor-version":[{"id":49364,"href":"https:\/\/marineforum.online\/en\/wp-json\/wp\/v2\/posts\/41809\/revisions\/49364"}],"wp:featuredmedia":[{"embeddable":true,"href":"https:\/\/marineforum.online\/en\/wp-json\/wp\/v2\/media\/41865"}],"wp:attachment":[{"href":"https:\/\/marineforum.online\/en\/wp-json\/wp\/v2\/media?parent=41809"}],"wp:term":[{"taxonomy":"category","embeddable":true,"href":"https:\/\/marineforum.online\/en\/wp-json\/wp\/v2\/categories?post=41809"},{"taxonomy":"post_tag","embeddable":true,"href":"https:\/\/marineforum.online\/en\/wp-json\/wp\/v2\/tags?post=41809"}],"curies":[{"name":"wp","href":"https:\/\/api.w.org\/{rel}","templated":true}]}}