{"id":44216,"date":"2025-04-03T10:30:00","date_gmt":"2025-04-03T08:30:00","guid":{"rendered":"https:\/\/marineforum.online\/?p=44216"},"modified":"2025-09-29T21:52:44","modified_gmt":"2025-09-29T19:52:44","slug":"mts-parow-fundraising-campaign","status":"publish","type":"post","link":"https:\/\/marineforum.online\/en\/mts-parow-spendenaktion\/","title":{"rendered":"Maritime solidarity: MTS Parow donates \u20ac25,000 to good causes!"},"content":{"rendered":"<p>From 25 November to 19 December, members of the Parow Naval Technology School ran their traditional naval punch stall at the Stralsund Christmas market on the initiative of the NCO interest group. The maritime classic enjoyed great popularity far beyond the region's borders.<\/p>\n<p>With a great deal of personal commitment and in their free time, the members of the MTS Parow were able to raise an impressive \u20ac25,000. The proceeds will now be distributed to regional charitable organisations that are particularly committed to helping children and young people. The organisations supported include the children's and youth hospice, the Stralsund music school and the support association for people with dementia.<\/p>\n<p>This great campaign once again illustrates the strong ties and roots of the Parow Marine Technology School in the Stralsund region and its role as an active supporter of the maritime community.<\/p>\n<p>Many thanks to all the supporters who made this success possible!<\/p>\n<p>Text\/Pictures: Daniel Angres<\/p>\n<div id='gallery-1' class='gallery galleryid-44216 gallery-columns-3 gallery-size-medium'><figure class='gallery-item'>\n\t\t\t<div class='gallery-icon landscape'>\n\t\t\t\t<a href='\/wp-content\/uploads\/2025\/04\/20250403-_A747268.jpg'><img fetchpriority=\"high\" decoding=\"async\" width=\"300\" height=\"200\" src=\"\/wp-content\/uploads\/2025\/04\/20250403-_A747268-300x200.jpg\" class=\"attachment-medium size-medium\" alt=\"The chairwoman of the NCO interest group, Gabriele Warmbier, presents the donation cheques to charitable organisations from Stralsund and the surrounding area in the presence of the school commander of the MTS Kapit\u00e4n zur See, Sven Janssen. Picture: Daniel Angres\" srcset=\"\/wp-content\/uploads\/2025\/04\/20250403-_A747268-300x200.jpg 300w, \/wp-content\/uploads\/2025\/04\/20250403-_A747268-1024x683.jpg 1024w, \/wp-content\/uploads\/2025\/04\/20250403-_A747268-768x512.jpg 768w, \/wp-content\/uploads\/2025\/04\/20250403-_A747268-1536x1024.jpg 1536w, \/wp-content\/uploads\/2025\/04\/20250403-_A747268.jpg 1920w\" sizes=\"(max-width: 300px) 100vw, 300px\" \/><\/a>\n\t\t\t<\/div><\/figure><figure class='gallery-item'>\n\t\t\t<div class='gallery-icon landscape'>\n\t\t\t\t<a href='\/wp-content\/uploads\/2025\/04\/20250403-_A747258.jpg'><img decoding=\"async\" width=\"300\" height=\"200\" src=\"\/wp-content\/uploads\/2025\/04\/20250403-_A747258-300x200.jpg\" class=\"attachment-medium size-medium\" alt=\"The chairwoman of the NCO interest group, Gabriele Warmbier, presents the donation cheques to charitable organisations from Stralsund and the surrounding area in the presence of the school commander of the MTS Kapit\u00e4n zur See, Sven Janssen. Picture: Daniel Angres\" srcset=\"\/wp-content\/uploads\/2025\/04\/20250403-_A747258-300x200.jpg 300w, \/wp-content\/uploads\/2025\/04\/20250403-_A747258-1024x683.jpg 1024w, \/wp-content\/uploads\/2025\/04\/20250403-_A747258-768x512.jpg 768w, \/wp-content\/uploads\/2025\/04\/20250403-_A747258-1536x1024.jpg 1536w, \/wp-content\/uploads\/2025\/04\/20250403-_A747258.jpg 1920w\" sizes=\"(max-width: 300px) 100vw, 300px\" \/><\/a>\n\t\t\t<\/div><\/figure><figure class='gallery-item'>\n\t\t\t<div class='gallery-icon landscape'>\n\t\t\t\t<a href='\/wp-content\/uploads\/2025\/04\/20250403-_A747246.jpg'><img decoding=\"async\" width=\"300\" height=\"200\" src=\"\/wp-content\/uploads\/2025\/04\/20250403-_A747246-300x200.jpg\" class=\"attachment-medium size-medium\" alt=\"The chairwoman of the NCO interest group, Gabriele Warmbier, presents the donation cheques to charitable organisations from Stralsund and the surrounding area in the presence of the school commander of the MTS Kapit\u00e4n zur See, Sven Janssen. Picture: Daniel Angres\" srcset=\"\/wp-content\/uploads\/2025\/04\/20250403-_A747246-300x200.jpg 300w, \/wp-content\/uploads\/2025\/04\/20250403-_A747246-1024x683.jpg 1024w, \/wp-content\/uploads\/2025\/04\/20250403-_A747246-768x512.jpg 768w, \/wp-content\/uploads\/2025\/04\/20250403-_A747246-1536x1024.jpg 1536w, \/wp-content\/uploads\/2025\/04\/20250403-_A747246.jpg 1920w\" sizes=\"(max-width: 300px) 100vw, 300px\" \/><\/a>\n\t\t\t<\/div><\/figure><figure class='gallery-item'>\n\t\t\t<div class='gallery-icon landscape'>\n\t\t\t\t<a href='\/wp-content\/uploads\/2025\/04\/20250403-_A747231.jpg'><img loading=\"lazy\" decoding=\"async\" width=\"300\" height=\"200\" src=\"\/wp-content\/uploads\/2025\/04\/20250403-_A747231-300x200.jpg\" class=\"attachment-medium size-medium\" alt=\"The chairwoman of the NCO interest group, Gabriele Warmbier, presents the donation cheques to charitable organisations from Stralsund and the surrounding area in the presence of the school commander of the MTS Kapit\u00e4n zur See, Sven Janssen. Picture: Daniel Angres\" srcset=\"\/wp-content\/uploads\/2025\/04\/20250403-_A747231-300x200.jpg 300w, \/wp-content\/uploads\/2025\/04\/20250403-_A747231-1024x683.jpg 1024w, \/wp-content\/uploads\/2025\/04\/20250403-_A747231-768x512.jpg 768w, \/wp-content\/uploads\/2025\/04\/20250403-_A747231-1536x1024.jpg 1536w, \/wp-content\/uploads\/2025\/04\/20250403-_A747231.jpg 1920w\" sizes=\"(max-width: 300px) 100vw, 300px\" \/><\/a>\n\t\t\t<\/div><\/figure><figure class='gallery-item'>\n\t\t\t<div class='gallery-icon landscape'>\n\t\t\t\t<a href='\/wp-content\/uploads\/2025\/04\/20250403-_A747181-2.jpg'><img loading=\"lazy\" decoding=\"async\" width=\"300\" height=\"200\" src=\"\/wp-content\/uploads\/2025\/04\/20250403-_A747181-2-300x200.jpg\" class=\"attachment-medium size-medium\" alt=\"The chairwoman of the NCO interest group, Gabriele Warmbier, presents the donation cheques to charitable organisations from Stralsund and the surrounding area in the presence of the school commander of the MTS Kapit\u00e4n zur See, Sven Janssen. Picture: Daniel Angres\" srcset=\"\/wp-content\/uploads\/2025\/04\/20250403-_A747181-2-300x200.jpg 300w, \/wp-content\/uploads\/2025\/04\/20250403-_A747181-2-1024x683.jpg 1024w, \/wp-content\/uploads\/2025\/04\/20250403-_A747181-2-768x512.jpg 768w, \/wp-content\/uploads\/2025\/04\/20250403-_A747181-2-1536x1024.jpg 1536w, \/wp-content\/uploads\/2025\/04\/20250403-_A747181-2.jpg 1920w\" sizes=\"(max-width: 300px) 100vw, 300px\" \/><\/a>\n\t\t\t<\/div><\/figure><figure class='gallery-item'>\n\t\t\t<div class='gallery-icon landscape'>\n\t\t\t\t<a href='\/wp-content\/uploads\/2025\/04\/20250403-_A747176-1.jpg'><img loading=\"lazy\" decoding=\"async\" width=\"300\" height=\"200\" src=\"\/wp-content\/uploads\/2025\/04\/20250403-_A747176-1-300x200.jpg\" class=\"attachment-medium size-medium\" alt=\"The chairwoman of the NCO interest group, Gabriele Warmbier, presents the donation cheques to charitable organisations from Stralsund and the surrounding area in the presence of the school commander of the MTS Kapit\u00e4n zur See, Sven Janssen. Picture: Daniel Angres\" srcset=\"\/wp-content\/uploads\/2025\/04\/20250403-_A747176-1-300x200.jpg 300w, \/wp-content\/uploads\/2025\/04\/20250403-_A747176-1-1024x683.jpg 1024w, \/wp-content\/uploads\/2025\/04\/20250403-_A747176-1-768x512.jpg 768w, \/wp-content\/uploads\/2025\/04\/20250403-_A747176-1-1536x1024.jpg 1536w, \/wp-content\/uploads\/2025\/04\/20250403-_A747176-1.jpg 1920w\" sizes=\"(max-width: 300px) 100vw, 300px\" \/><\/a>\n\t\t\t<\/div><\/figure>\n\t\t<\/div>","protected":false},"excerpt":{"rendered":"<p>Vom 25. November bis zum 19. Dezember haben Angeh\u00f6rige der Marinetechnikschule Parow auf Initiative der Interessengemeinschaft der Unteroffiziere ihren traditionellen Marinepunschstand auf dem Stralsunder Weihnachtsmarkt betrieben. Der maritime Klassiker erfreute sich gro\u00dfer Beliebtheit, weit \u00fcber die regionalen Grenzen hinaus. Mit viel pers\u00f6nlichem Engagement und in ihrer Freizeit konnten die Angeh\u00f6rigen der MTS Parow beeindruckende 25.000 [&hellip;]<\/p>\n","protected":false},"author":10,"featured_media":44242,"comment_status":"open","ping_status":"closed","sticky":false,"template":"","format":"standard","meta":{"_acf_changed":false,"_oasis_is_in_workflow":0,"_oasis_original":0,"_oasis_task_priority":"2normal","footnotes":""},"categories":[51,486,391,42,50],"tags":[193,9243,4503,9244,9245,9246,1717],"class_list":["post-44216","post","type-post","status-publish","format-standard","has-post-thumbnail","hentry","category-streitkraefte-news","category-headlines","category-headlines-slider","category-news","category-sicherheitspolitik-news","tag-bundeswehr","tag-marinepunsch","tag-marinetechnikschule","tag-maritime-gemeinschaft","tag-mts-parow","tag-seefahrer-hilft","tag-stralsund"],"acf":[],"_links":{"self":[{"href":"https:\/\/marineforum.online\/en\/wp-json\/wp\/v2\/posts\/44216","targetHints":{"allow":["GET"]}}],"collection":[{"href":"https:\/\/marineforum.online\/en\/wp-json\/wp\/v2\/posts"}],"about":[{"href":"https:\/\/marineforum.online\/en\/wp-json\/wp\/v2\/types\/post"}],"author":[{"embeddable":true,"href":"https:\/\/marineforum.online\/en\/wp-json\/wp\/v2\/users\/10"}],"replies":[{"embeddable":true,"href":"https:\/\/marineforum.online\/en\/wp-json\/wp\/v2\/comments?post=44216"}],"version-history":[{"count":2,"href":"https:\/\/marineforum.online\/en\/wp-json\/wp\/v2\/posts\/44216\/revisions"}],"predecessor-version":[{"id":50063,"href":"https:\/\/marineforum.online\/en\/wp-json\/wp\/v2\/posts\/44216\/revisions\/50063"}],"wp:featuredmedia":[{"embeddable":true,"href":"https:\/\/marineforum.online\/en\/wp-json\/wp\/v2\/media\/44242"}],"wp:attachment":[{"href":"https:\/\/marineforum.online\/en\/wp-json\/wp\/v2\/media?parent=44216"}],"wp:term":[{"taxonomy":"category","embeddable":true,"href":"https:\/\/marineforum.online\/en\/wp-json\/wp\/v2\/categories?post=44216"},{"taxonomy":"post_tag","embeddable":true,"href":"https:\/\/marineforum.online\/en\/wp-json\/wp\/v2\/tags?post=44216"}],"curies":[{"name":"wp","href":"https:\/\/api.w.org\/{rel}","templated":true}]}}