{"id":47206,"date":"2025-07-02T09:00:00","date_gmt":"2025-07-02T07:00:00","guid":{"rendered":"https:\/\/marineforum.online\/?p=47206"},"modified":"2025-09-29T20:47:46","modified_gmt":"2025-09-29T18:47:46","slug":"german-navy-goes-arctica-this-year","status":"publish","type":"post","link":"https:\/\/marineforum.online\/en\/deutsche-marine-goes-arctica-noch-dieses-jahr\/","title":{"rendered":"German Navy goes Arctica - this year!"},"content":{"rendered":"<p><strong>On 30 June 2025, Defence Minister Boris Pistorius announced that the German Armed Forces will undertake a presence cruise in the Arctic with the task force provider \"Berlin\" before the end of 2025. Harbour stops and exercises are planned in Iceland, Greenland and Canada; Germany will also take part in the Canadian Arctic exercise \"Nanook\" for the first time. This project emphasises Germany's ambition to assume responsibility on NATO's northern flank and demonstrate its presence in the far north.<\/strong><\/p>\n<h4><strong>Presence trip and \"Atlantic Bear\": From Iceland to Greenland<\/strong><\/h4>\n<p>The \"Berlin\" will sail from Iceland via Greenland to Canada as part of the \"Atlantic Bear\" manoeuvre. Joint exercises with allies are planned along the route, including the first visit by a German naval vessel to Nuuk, the capital of Greenland. Germany will also take part in the \"Nanook\" exercise, a series of exercises organised by the Canadian armed forces. In its naval components 'Nanook Tuugaalik' and 'Nanook Nunakput', this series of exercises includes presence and surveillance operations by the Royal Canadian Navy with allies in the sea area from Baffin Bay to the Northwest Passage. The naval manoeuvres traditionally take place from mid-August: in 2024, 'Nanook Tuugaalik' ran from 12 to 22 August. The Canadian Ministry of Defence usually only publishes the exact schedules a few weeks before they begin.<\/p>\n<h4><strong>Solidarity with Denmark and Greenland<\/strong><\/h4>\n<p>Pistorius emphasised the importance of cooperation with Denmark and Greenland. He agreed a solidarity visit to Greenland in September with Danish Defence Minister Troels Lund Poulsen to demonstrate the close security cooperation. This visit also takes place against the backdrop of the USA's renewed interest in Greenland as a strategic territory.<\/p>\n<h4><strong>Overall European strategy for the Arctic<\/strong><\/h4>\n<p>The German presence cruise is part of a comprehensive European strategy for the Arctic. Denmark has held the EU Council Presidency since 1 July 2025 and is placing the Arctic at the centre of its agenda. At the EU Arctic Forum in Kittil\u00e4 (northern Finland), the EU Commission confirmed the objectives of its updated Arctic strategy and announced an \"Arctic Action Plan\".<\/p>\n<h4><strong>Security policy categorisation<\/strong><\/h4>\n<p>The Arctic is gaining in geostrategic importance due to climate change and the 'opening up' of new sea trade routes. At the same time, Russia is pushing ahead with the militarisation of the region, which is causing concern among the Western littoral states. Germany's planned Arctic mission is intended to strengthen NATO's northern flank and monitor Russia's activities in these sea areas.<\/p>\n<p>With the planned naval deployment to the High North, Germany is emphasising its claim to take responsibility for the security of its western partners. This presence sends a visible signal to the alliance partners that stability in the Arctic should be jointly protected.<\/p>\n<figure id=\"attachment_47207\" aria-describedby=\"caption-attachment-47207\" style=\"width: 865px\" class=\"wp-caption aligncenter\"><img fetchpriority=\"high\" decoding=\"async\" class=\"wp-image-47207\" src=\"\/wp-content\/uploads\/2025\/07\/dsc02651-2025-artikel-e1751397158520-300x139.jpg\" alt=\"Defence Minister Boris Pistorius with his Danish counterpart. Photo: MoD Copenhagen\" width=\"865\" height=\"401\" srcset=\"\/wp-content\/uploads\/2025\/07\/dsc02651-2025-artikel-e1751397158520-300x139.jpg 300w, \/wp-content\/uploads\/2025\/07\/dsc02651-2025-artikel-e1751397158520-1024x474.jpg 1024w, \/wp-content\/uploads\/2025\/07\/dsc02651-2025-artikel-e1751397158520-768x355.jpg 768w, \/wp-content\/uploads\/2025\/07\/dsc02651-2025-artikel-e1751397158520.jpg 1146w\" sizes=\"(max-width: 865px) 100vw, 865px\" \/><figcaption id=\"caption-attachment-47207\" class=\"wp-caption-text\">Defence Minister Boris Pistorius with his Danish counterpart. Photo: MoD Copenhagen<\/figcaption><\/figure>\n<p>&nbsp;<\/p>","protected":false},"excerpt":{"rendered":"<p>Verteidigungsminister Boris Pistorius hat am 30.\u00a0Juni\u00a02025 angek\u00fcndigt, dass die Bundeswehr noch im Jahr\u00a02025 mit dem Einsatzgruppenversorger \u201eBerlin\u201c eine Pr\u00e4senzfahrt in die Arktis unternehmen wird. Geplant sind Hafenstopps und \u00dcbungen in Island, Gr\u00f6nland und Kanada; au\u00dferdem wird Deutschland erstmals an der kanadischen Arktis-\u00dcbung \u201eNanook\u201c teilnehmen. Dieses Vorhaben unterstreicht Deutschlands Anspruch, an der NATO-Nordflanke Verantwortung zu \u00fcbernehmen [&hellip;]<\/p>\n","protected":false},"author":10,"featured_media":47248,"comment_status":"open","ping_status":"closed","sticky":false,"template":"","format":"standard","meta":{"_acf_changed":false,"_oasis_is_in_workflow":0,"_oasis_original":0,"_oasis_task_priority":"2normal","footnotes":""},"categories":[50,486,45,42,51],"tags":[9976,9977,9978,9979,9980,385,9981,9982,8575,9983,9984,9985],"class_list":["post-47206","post","type-post","status-publish","format-standard","has-post-thumbnail","hentry","category-sicherheitspolitik-news","category-headlines","category-marinen-aus-aller-welt-news","category-news","category-streitkraefte-news","tag-arktis-sicherheit","tag-bundeswehr-arktis-2025","tag-bundeswehr-marine-patrouille-arktis-2025","tag-deutsche-marine-arktis","tag-deutschland-uebung-nanook-arktis","tag-einsatzgruppenversorger-berlin","tag-einsatzgruppenversorger-berlin-in-der-arktis","tag-marine-uebung-island-groenland-kanada-2025","tag-nato-nordflanke","tag-praesenz-an-der-nato-nordflanke-arktis","tag-sicherheitspolitische-zeitenwende-arktis","tag-uebung-nanook-2025"],"acf":[],"_links":{"self":[{"href":"https:\/\/marineforum.online\/en\/wp-json\/wp\/v2\/posts\/47206","targetHints":{"allow":["GET"]}}],"collection":[{"href":"https:\/\/marineforum.online\/en\/wp-json\/wp\/v2\/posts"}],"about":[{"href":"https:\/\/marineforum.online\/en\/wp-json\/wp\/v2\/types\/post"}],"author":[{"embeddable":true,"href":"https:\/\/marineforum.online\/en\/wp-json\/wp\/v2\/users\/10"}],"replies":[{"embeddable":true,"href":"https:\/\/marineforum.online\/en\/wp-json\/wp\/v2\/comments?post=47206"}],"version-history":[{"count":1,"href":"https:\/\/marineforum.online\/en\/wp-json\/wp\/v2\/posts\/47206\/revisions"}],"predecessor-version":[{"id":49049,"href":"https:\/\/marineforum.online\/en\/wp-json\/wp\/v2\/posts\/47206\/revisions\/49049"}],"wp:featuredmedia":[{"embeddable":true,"href":"https:\/\/marineforum.online\/en\/wp-json\/wp\/v2\/media\/47248"}],"wp:attachment":[{"href":"https:\/\/marineforum.online\/en\/wp-json\/wp\/v2\/media?parent=47206"}],"wp:term":[{"taxonomy":"category","embeddable":true,"href":"https:\/\/marineforum.online\/en\/wp-json\/wp\/v2\/categories?post=47206"},{"taxonomy":"post_tag","embeddable":true,"href":"https:\/\/marineforum.online\/en\/wp-json\/wp\/v2\/tags?post=47206"}],"curies":[{"name":"wp","href":"https:\/\/api.w.org\/{rel}","templated":true}]}}