{"id":47852,"date":"2025-08-11T10:39:00","date_gmt":"2025-08-11T08:39:00","guid":{"rendered":"https:\/\/marineforum.online\/?p=47852"},"modified":"2025-09-29T21:18:52","modified_gmt":"2025-09-29T19:18:52","slug":"successful-34-hanse-sail-with-strong-presence-of-the-german-armed-forces","status":"publish","type":"post","link":"https:\/\/marineforum.online\/en\/erfolgreiche-34-hanse-sail-mit-starker-praesenz-der-bundeswehr\/","title":{"rendered":"Successful 34th Hanse Sail with strong presence of the Bundeswehr"},"content":{"rendered":"<p>Bundeswehr inspires at Hanse Sail 2025 with action at the base and open ship on the frigate \"Nordrhein-Westfalen\".<\/p>\n<p>The 34th edition of the Hanse Sail took place from 7 to 10 August 2025 and attracted around 17,500 visitors to the quayside of the naval base on Hohe D\u00fcne in perfect summer weather. The major maritime event once again offered a mixture of a traditional sailing show, maritime experiences and a broad presentation of the Bundeswehr. The army, air force and navy were satisfied with the response and the intensive dialogue with the public throughout the event. However, the corvette \"Emden\" was presented to the public for the first time with a shipyard flag.<\/p>\n<p>In addition to the forces of the German Armed Forces, numerous authorities from the so-called blue light faction were also represented. The police, fire brigade, technical relief organisation and other emergency organisations provided information about their tasks and deployment options. The naval aviators made a particularly impressive presentation together with the paratroopers from Seedorf and the Hamburg police. At the Hohe D\u00fcne naval base, they demonstrated their skills in a dynamic interplay with the harbour tug Langeness. The demonstration gave the audience a vivid picture of co-operation and precision on the water and in the air.<\/p>\n<p>Meanwhile, many visitors took the opportunity to talk to soldiers at the Hohe D\u00fcne base and enjoy a traditional scooped meal from the field kitchen. The relaxed atmosphere made the area a popular meeting place for interested parties.<\/p>\n<p>On the other side of the Warnow, at the passenger quay in Warnem\u00fcnde, the frigate Nordrhein-Westfalen opened its decks at the Open Ship. The crew were on hand to answer guests' questions and provide an overview of the technology, equipment and mission profiles. For many visitors, it was a rare opportunity to experience a modern warship up close and get an idea of the diverse tasks of the German Navy.<\/p>\n<p>With a successful mix of information, action and personal exchange, the Hanse Sail 2025 once again underlined its importance as a showcase for maritime diversity and as a platform for encounters between the Bundeswehr, operational organisations and the public.<\/p>\n<p>&nbsp;<\/p>\n<div id='gallery-1' class='gallery galleryid-47852 gallery-columns-3 gallery-size-medium'><figure class='gallery-item'>\n\t\t\t<div class='gallery-icon landscape'>\n\t\t\t\t<a href='\/wp-content\/uploads\/2025\/08\/20250810-_A744775-1.jpg'><img fetchpriority=\"high\" decoding=\"async\" width=\"300\" height=\"200\" src=\"\/wp-content\/uploads\/2025\/08\/20250810-_A744775-1-300x200.jpg\" class=\"attachment-medium size-medium\" alt=\"Frigate &quot;Nordrhein-Westfalen&quot; in front of the Ferris wheel. Photo: Daniel Angres\" srcset=\"\/wp-content\/uploads\/2025\/08\/20250810-_A744775-1-300x200.jpg 300w, \/wp-content\/uploads\/2025\/08\/20250810-_A744775-1-1024x683.jpg 1024w, \/wp-content\/uploads\/2025\/08\/20250810-_A744775-1-768x512.jpg 768w, \/wp-content\/uploads\/2025\/08\/20250810-_A744775-1-1536x1024.jpg 1536w, \/wp-content\/uploads\/2025\/08\/20250810-_A744775-1.jpg 1920w\" sizes=\"(max-width: 300px) 100vw, 300px\" \/><\/a>\n\t\t\t<\/div><\/figure><figure class='gallery-item'>\n\t\t\t<div class='gallery-icon landscape'>\n\t\t\t\t<a href='\/wp-content\/uploads\/2025\/08\/20250806-_DSF3323-1.jpg'><img decoding=\"async\" width=\"300\" height=\"200\" src=\"\/wp-content\/uploads\/2025\/08\/20250806-_DSF3323-1-300x200.jpg\" class=\"attachment-medium size-medium\" alt=\"Frigate &quot;Nordrhein-Westfalen&quot; at the lighthouse. Photo: Daniel Angres\" srcset=\"\/wp-content\/uploads\/2025\/08\/20250806-_DSF3323-1-300x200.jpg 300w, \/wp-content\/uploads\/2025\/08\/20250806-_DSF3323-1-1024x683.jpg 1024w, \/wp-content\/uploads\/2025\/08\/20250806-_DSF3323-1-768x512.jpg 768w, \/wp-content\/uploads\/2025\/08\/20250806-_DSF3323-1-1536x1024.jpg 1536w, \/wp-content\/uploads\/2025\/08\/20250806-_DSF3323-1.jpg 1920w\" sizes=\"(max-width: 300px) 100vw, 300px\" \/><\/a>\n\t\t\t<\/div><\/figure><figure class='gallery-item'>\n\t\t\t<div class='gallery-icon landscape'>\n\t\t\t\t<a href='\/wp-content\/uploads\/2025\/08\/20250806-_DSF3342-1.jpg'><img decoding=\"async\" width=\"300\" height=\"200\" src=\"\/wp-content\/uploads\/2025\/08\/20250806-_DSF3342-1-300x200.jpg\" class=\"attachment-medium size-medium\" alt=\"Frigate and Ferris wheel at night. Photo: Daniel Angres\" srcset=\"\/wp-content\/uploads\/2025\/08\/20250806-_DSF3342-1-300x200.jpg 300w, \/wp-content\/uploads\/2025\/08\/20250806-_DSF3342-1-1024x683.jpg 1024w, \/wp-content\/uploads\/2025\/08\/20250806-_DSF3342-1-768x512.jpg 768w, \/wp-content\/uploads\/2025\/08\/20250806-_DSF3342-1-1536x1024.jpg 1536w, \/wp-content\/uploads\/2025\/08\/20250806-_DSF3342-1.jpg 1920w\" sizes=\"(max-width: 300px) 100vw, 300px\" \/><\/a>\n\t\t\t<\/div><\/figure><figure class='gallery-item'>\n\t\t\t<div class='gallery-icon landscape'>\n\t\t\t\t<a href='\/wp-content\/uploads\/2025\/08\/20250808-_DSF3514-1.jpg'><img loading=\"lazy\" decoding=\"async\" width=\"300\" height=\"200\" src=\"\/wp-content\/uploads\/2025\/08\/20250808-_DSF3514-1-300x200.jpg\" class=\"attachment-medium size-medium\" alt=\"Open Ship on the corvette &quot;Emden&quot;. Photo: Daniel Angres\" srcset=\"\/wp-content\/uploads\/2025\/08\/20250808-_DSF3514-1-300x200.jpg 300w, \/wp-content\/uploads\/2025\/08\/20250808-_DSF3514-1-1024x683.jpg 1024w, \/wp-content\/uploads\/2025\/08\/20250808-_DSF3514-1-768x512.jpg 768w, \/wp-content\/uploads\/2025\/08\/20250808-_DSF3514-1-1536x1024.jpg 1536w, \/wp-content\/uploads\/2025\/08\/20250808-_DSF3514-1.jpg 1920w\" sizes=\"(max-width: 300px) 100vw, 300px\" \/><\/a>\n\t\t\t<\/div><\/figure><figure class='gallery-item'>\n\t\t\t<div class='gallery-icon landscape'>\n\t\t\t\t<a href='\/wp-content\/uploads\/2025\/08\/20250809-_DSF3770-1.jpg'><img loading=\"lazy\" decoding=\"async\" width=\"300\" height=\"200\" src=\"\/wp-content\/uploads\/2025\/08\/20250809-_DSF3770-1-300x200.jpg\" class=\"attachment-medium size-medium\" alt=\"Navy diver under water Photo: Daniel Angres\" srcset=\"\/wp-content\/uploads\/2025\/08\/20250809-_DSF3770-1-300x200.jpg 300w, \/wp-content\/uploads\/2025\/08\/20250809-_DSF3770-1-1024x683.jpg 1024w, \/wp-content\/uploads\/2025\/08\/20250809-_DSF3770-1-768x512.jpg 768w, \/wp-content\/uploads\/2025\/08\/20250809-_DSF3770-1-1536x1024.jpg 1536w, \/wp-content\/uploads\/2025\/08\/20250809-_DSF3770-1.jpg 1920w\" sizes=\"(max-width: 300px) 100vw, 300px\" \/><\/a>\n\t\t\t<\/div><\/figure><figure class='gallery-item'>\n\t\t\t<div class='gallery-icon landscape'>\n\t\t\t\t<a href='\/wp-content\/uploads\/2025\/08\/20250809-_DSF3795-1.jpg'><img loading=\"lazy\" decoding=\"async\" width=\"300\" height=\"200\" src=\"\/wp-content\/uploads\/2025\/08\/20250809-_DSF3795-1-300x200.jpg\" class=\"attachment-medium size-medium\" alt=\"Navy diver with equipment Photo: Daniel Angres\" srcset=\"\/wp-content\/uploads\/2025\/08\/20250809-_DSF3795-1-300x200.jpg 300w, \/wp-content\/uploads\/2025\/08\/20250809-_DSF3795-1-1024x683.jpg 1024w, \/wp-content\/uploads\/2025\/08\/20250809-_DSF3795-1-768x512.jpg 768w, \/wp-content\/uploads\/2025\/08\/20250809-_DSF3795-1-1536x1024.jpg 1536w, \/wp-content\/uploads\/2025\/08\/20250809-_DSF3795-1.jpg 1920w\" sizes=\"(max-width: 300px) 100vw, 300px\" \/><\/a>\n\t\t\t<\/div><\/figure><figure class='gallery-item'>\n\t\t\t<div class='gallery-icon landscape'>\n\t\t\t\t<a href='\/wp-content\/uploads\/2025\/08\/20250809-_DSF3885-1.jpg'><img loading=\"lazy\" decoding=\"async\" width=\"300\" height=\"200\" src=\"\/wp-content\/uploads\/2025\/08\/20250809-_DSF3885-1-300x200.jpg\" class=\"attachment-medium size-medium\" alt=\"Naval helicopter in action Photo: Daniel Angres\" srcset=\"\/wp-content\/uploads\/2025\/08\/20250809-_DSF3885-1-300x200.jpg 300w, \/wp-content\/uploads\/2025\/08\/20250809-_DSF3885-1-1024x683.jpg 1024w, \/wp-content\/uploads\/2025\/08\/20250809-_DSF3885-1-768x512.jpg 768w, \/wp-content\/uploads\/2025\/08\/20250809-_DSF3885-1-1536x1024.jpg 1536w, \/wp-content\/uploads\/2025\/08\/20250809-_DSF3885-1.jpg 1920w\" sizes=\"(max-width: 300px) 100vw, 300px\" \/><\/a>\n\t\t\t<\/div><\/figure><figure class='gallery-item'>\n\t\t\t<div class='gallery-icon landscape'>\n\t\t\t\t<a href='\/wp-content\/uploads\/2025\/08\/20250809-_DSF3921-1.jpg'><img loading=\"lazy\" decoding=\"async\" width=\"300\" height=\"200\" src=\"\/wp-content\/uploads\/2025\/08\/20250809-_DSF3921-1-300x200.jpg\" class=\"attachment-medium size-medium\" alt=\"Naval helicopter in operational manoeuvre. Daniel Angres\" srcset=\"\/wp-content\/uploads\/2025\/08\/20250809-_DSF3921-1-300x200.jpg 300w, \/wp-content\/uploads\/2025\/08\/20250809-_DSF3921-1-1024x683.jpg 1024w, \/wp-content\/uploads\/2025\/08\/20250809-_DSF3921-1-768x512.jpg 768w, \/wp-content\/uploads\/2025\/08\/20250809-_DSF3921-1-1536x1024.jpg 1536w, \/wp-content\/uploads\/2025\/08\/20250809-_DSF3921-1.jpg 1920w\" sizes=\"(max-width: 300px) 100vw, 300px\" \/><\/a>\n\t\t\t<\/div><\/figure>\n\t\t<\/div>","protected":false},"excerpt":{"rendered":"<p>Bundeswehr begeistert bei Hanse Sail 2025 mit Action im St\u00fctzpunkt und Open Ship auf der Fregatte \u201eNordrhein-Westfalen\u201c. Vom 7. bis 10. August 2025 fand die 34. Auflage der Hanse Sail statt und lockte bei bestem Sommerwetter rund 17.500 Besucherinnen und Besucher an die Kaikanten des Marinest\u00fctzpunktes auf der Hohen D\u00fcne. Die maritime Gro\u00dfveranstaltung bot erneut [&hellip;]<\/p>\n","protected":false},"author":10,"featured_media":47856,"comment_status":"open","ping_status":"closed","sticky":false,"template":"","format":"standard","meta":{"_acf_changed":false,"_oasis_is_in_workflow":0,"_oasis_original":0,"_oasis_task_priority":"3high","footnotes":""},"categories":[48,486,42],"tags":[10354,193,5886,1700,10355,10356,3718,78,253,7777,8065,1621,10357],"class_list":["post-47852","post","type-post","status-publish","format-standard","has-post-thumbnail","hentry","category-schifffahrt-news","category-headlines","category-news","tag-besucher","tag-bundeswehr","tag-fallschirmjaeger","tag-fregatte-nordrhein-westfalen","tag-hanse-sail-2025","tag-heer","tag-luftwaffe","tag-marine","tag-marineflieger","tag-marinestuetzpunkt-hohe-duene","tag-maritimes-event","tag-open-ship","tag-vorfuehrungen"],"acf":[],"_links":{"self":[{"href":"https:\/\/marineforum.online\/en\/wp-json\/wp\/v2\/posts\/47852","targetHints":{"allow":["GET"]}}],"collection":[{"href":"https:\/\/marineforum.online\/en\/wp-json\/wp\/v2\/posts"}],"about":[{"href":"https:\/\/marineforum.online\/en\/wp-json\/wp\/v2\/types\/post"}],"author":[{"embeddable":true,"href":"https:\/\/marineforum.online\/en\/wp-json\/wp\/v2\/users\/10"}],"replies":[{"embeddable":true,"href":"https:\/\/marineforum.online\/en\/wp-json\/wp\/v2\/comments?post=47852"}],"version-history":[{"count":2,"href":"https:\/\/marineforum.online\/en\/wp-json\/wp\/v2\/posts\/47852\/revisions"}],"predecessor-version":[{"id":50038,"href":"https:\/\/marineforum.online\/en\/wp-json\/wp\/v2\/posts\/47852\/revisions\/50038"}],"wp:featuredmedia":[{"embeddable":true,"href":"https:\/\/marineforum.online\/en\/wp-json\/wp\/v2\/media\/47856"}],"wp:attachment":[{"href":"https:\/\/marineforum.online\/en\/wp-json\/wp\/v2\/media?parent=47852"}],"wp:term":[{"taxonomy":"category","embeddable":true,"href":"https:\/\/marineforum.online\/en\/wp-json\/wp\/v2\/categories?post=47852"},{"taxonomy":"post_tag","embeddable":true,"href":"https:\/\/marineforum.online\/en\/wp-json\/wp\/v2\/tags?post=47852"}],"curies":[{"name":"wp","href":"https:\/\/api.w.org\/{rel}","templated":true}]}}