{"id":48483,"date":"2025-09-15T13:00:00","date_gmt":"2025-09-15T11:00:00","guid":{"rendered":"https:\/\/marineforum.online\/?p=48473"},"modified":"2025-09-29T20:46:08","modified_gmt":"2025-09-29T18:46:08","slug":"marine-instead-of-school-desk","status":"publish","type":"post","link":"https:\/\/marineforum.online\/en\/marine-statt-schulbank\/","title":{"rendered":"Navy instead of school desk"},"content":{"rendered":"<p><strong>Schools Week at the Wilhelmshaven naval base<\/strong><\/p>\n<p>The Bundeswehr Career Centre (KarrCBw) is inviting graduating classes to the \"Schools Week 2025\" at the Wilhelmshaven naval base from 16 to 18 September 2025.<\/p>\n<figure id=\"attachment_48479\" aria-describedby=\"caption-attachment-48479\" style=\"width: 300px\" class=\"wp-caption alignleft\"><img fetchpriority=\"high\" decoding=\"async\" class=\"size-medium wp-image-48479\" src=\"\/wp-content\/uploads\/2025\/09\/220920_Woche-der-Schulen_Rodewald06-Kopie-300x200.jpg\" alt=\"Week of Schools at the Wilhelmshaven naval base, photo: Rodewald\" width=\"300\" height=\"200\" \/><figcaption id=\"caption-attachment-48479\" class=\"wp-caption-text\">Week of Schools at the Wilhelmshaven naval base, photo: Rodewald<\/figcaption><\/figure>\n<p>Around 470 pupils from ten schools will take part on the event days. The Navy and other branches of the Bundeswehr will present themselves to the participants from 9 a.m. onwards. The intention is to arouse interest in the Bundeswehr among the pupils and accompanying persons from the schools and to familiarise them with the attractiveness of the wide range of military and civilian career opportunities in the Bundeswehr. Talks are also offered with soldiers in order to obtain direct and unvarnished first-hand information.<\/p>\n<p>In addition to the visit to the \"Frankfurt am Main\" task force provider, the young visitors also have the chance to experience the Bundeswehr fire brigade and the naval aviators. Career opportunities in the technical field can be viewed in the Bundeswehr's own training workshops.<\/p>","protected":false},"excerpt":{"rendered":"<p>Woche der Schulen im Marinest\u00fctzpunkt Wilhelmshaven Das Karrierecenter der Bundeswehr (KarrCBw) l\u00e4dt vom 16. bis 18. September 2025 Abschlussklassen zur \u201eWoche der Schulen 2025\u201c in den Marinest\u00fctzpunkt Wilhelmshaven ein. An den Veranstaltungstagen werden etwa 470 Sch\u00fclerinnen und Sch\u00fcler aus zehn Schulen teilnehmen. Die Marine und weitere Dienststellen der Bundeswehr pr\u00e4sentieren sich jeweils ab 9 Uhr [&hellip;]<\/p>\n","protected":false},"author":10,"featured_media":48866,"comment_status":"open","ping_status":"closed","sticky":false,"template":"","format":"standard","meta":{"_acf_changed":false,"_oasis_is_in_workflow":0,"_oasis_original":0,"_oasis_task_priority":"3high","footnotes":""},"categories":[51,486,42],"tags":[193,9092,7558,10558,10559],"class_list":["post-48483","post","type-post","status-publish","format-standard","has-post-thumbnail","hentry","category-streitkraefte-news","category-headlines","category-news","tag-bundeswehr","tag-bundeswehr-karriere","tag-einsatzgruppenversorger-frankfurt-am-main","tag-karrcbw","tag-marine-wilhelmshaven"],"acf":[],"_links":{"self":[{"href":"https:\/\/marineforum.online\/en\/wp-json\/wp\/v2\/posts\/48483","targetHints":{"allow":["GET"]}}],"collection":[{"href":"https:\/\/marineforum.online\/en\/wp-json\/wp\/v2\/posts"}],"about":[{"href":"https:\/\/marineforum.online\/en\/wp-json\/wp\/v2\/types\/post"}],"author":[{"embeddable":true,"href":"https:\/\/marineforum.online\/en\/wp-json\/wp\/v2\/users\/10"}],"replies":[{"embeddable":true,"href":"https:\/\/marineforum.online\/en\/wp-json\/wp\/v2\/comments?post=48483"}],"version-history":[{"count":1,"href":"https:\/\/marineforum.online\/en\/wp-json\/wp\/v2\/posts\/48483\/revisions"}],"predecessor-version":[{"id":48911,"href":"https:\/\/marineforum.online\/en\/wp-json\/wp\/v2\/posts\/48483\/revisions\/48911"}],"wp:featuredmedia":[{"embeddable":true,"href":"https:\/\/marineforum.online\/en\/wp-json\/wp\/v2\/media\/48866"}],"wp:attachment":[{"href":"https:\/\/marineforum.online\/en\/wp-json\/wp\/v2\/media?parent=48483"}],"wp:term":[{"taxonomy":"category","embeddable":true,"href":"https:\/\/marineforum.online\/en\/wp-json\/wp\/v2\/categories?post=48483"},{"taxonomy":"post_tag","embeddable":true,"href":"https:\/\/marineforum.online\/en\/wp-json\/wp\/v2\/tags?post=48483"}],"curies":[{"name":"wp","href":"https:\/\/api.w.org\/{rel}","templated":true}]}}