{"id":54613,"date":"2026-04-30T11:00:35","date_gmt":"2026-04-30T09:00:35","guid":{"rendered":"https:\/\/marineforum.online\/?p=54613"},"modified":"2026-04-30T12:11:48","modified_gmt":"2026-04-30T10:11:48","slug":"msd-conference-expo-2026-central-platform-for-maritime-security-and-defence","status":"publish","type":"post","link":"https:\/\/marineforum.online\/en\/msd-conference-expo-2026-zentrale-plattform-fuer-maritime-sicherheit-und-verteidigung\/","title":{"rendered":"MS&amp;D Conference &amp; Expo 2026: Central platform for maritime security and defence"},"content":{"rendered":"<h3>Die Anforderungen an maritime Sicherheit und Verteidigungsf\u00e4higkeit in Europa wachsen \u2013 sowohl im operativen Bereich als auch bei Beschaffung und technologischer Entwicklung. Geopolitische Spannungen, neue Bedrohungsszenarien im maritimen Raum sowie die zunehmende Bedeutung kritischer Infrastrukturen stellen Marinen und sicherheitspolitische Akteure vor komplexe Herausforderungen.<\/h3>\n<p>Vor diesem Hintergrund bringt die <strong>MS&amp;D \u2013 International Conference &amp; Expo on Maritime Security &amp; Defence<\/strong> relevante Akteure aus Marine, Industrie und Politik zusammen und schafft einen Rahmen f\u00fcr Austausch, Einordnung und Kooperation.<\/p>\n<p>Vom <strong>1. bis 4. September 2026<\/strong> findet die Veranstaltung im Rahmen der SMM in Hamburg statt und ist damit in eines der wichtigsten internationalen Branchentreffen der maritimen Wirtschaft eingebettet.<\/p>\n<h2><strong>Konferenz und Expo erstmals eng verzahnt<\/strong><\/h2>\n<p>Mit der Weiterentwicklung zur <strong>MS&amp;D Conference &amp; Expo<\/strong> wird das Format 2026 deutlich ausgebaut. Ziel ist es, die Schnittstellen zwischen operativen Anforderungen, technologischer Entwicklung und industrieller Umsetzung noch st\u00e4rker in den Fokus zu r\u00fccken.<\/p>\n<p>In <strong>Halle B8<\/strong> werden Ausstellung, Konferenz und die zentrale Naval Stage r\u00e4umlich zusammengef\u00fchrt. Damit entsteht ein Bereich innerhalb der SMM, in dem sich maritime Sicherheit und Verteidigung konzentriert abbilden. Die unmittelbare N\u00e4he zu Werften, Systemh\u00e4usern und Zulieferern erleichtert den direkten Austausch entlang der gesamten Wertsch\u00f6pfungskette.<\/p>\n<p>Die <strong>Ausstellung<\/strong> l\u00e4uft \u00fcber den gesamten Messezeitraum und zeigt Technologien f\u00fcr maritime Sicherheit und Verteidigung. Dazu z\u00e4hlen unter anderem unbemannte Systeme, Cyberl\u00f6sungen, maritime \u00dcberwachungssysteme sowie Technologien zum Schutz kritischer Infrastrukturen. Auch Dual-Use-Technologien spielen eine zentrale Rolle, da sie zunehmend Bedeutung f\u00fcr milit\u00e4rische Anwendungen gewinnen.<\/p>\n<p>Die <strong>Konferenz<\/strong> findet am <strong>3. und 4. September<\/strong> statt und ist direkt in das Ausstellungsgeschehen integriert. Die offene Struktur der Naval Stage erm\u00f6glicht dabei einen kontinuierlichen Zugang zu Fachbeitr\u00e4gen, Diskussionen und Pr\u00e4sentationen \u00fcber den gesamten Veranstaltungszeitraum hinweg.<\/p>\n<h2><strong>Schwerpunkte der Konferenz<\/strong><\/h2>\n<p>Unter dem Leitmotiv \u201e<strong>Maritime Security &amp; Defence in a Rapidly Changing World<\/strong>\u201c werden zentrale Themen adressiert, die sowohl strategische als auch technologische Fragestellungen betreffen. Im Fokus stehen unter anderem:<\/p>\n<ul>\n<li>die F\u00e4higkeitsentwicklung europ\u00e4ischer Marinen im Kontext aktueller sicherheitspolitischer Rahmenbedingungen<\/li>\n<li>Anforderungen moderner Seekriegsf\u00fchrung und deren Auswirkungen auf Plattformen und Systeme<\/li>\n<li>Entwicklungen im Unterwasserraum, insbesondere mit Blick auf Sensorik, Infrastruktur und Schutzkonzepte<\/li>\n<li>IT-, Cyber- und Weltraumaspekte maritimer Sicherheit<\/li>\n<li>das Zusammenwirken von bemannten und unbemannten Systemen<\/li>\n<\/ul>\n<p>Damit greift die Konferenz zentrale Themenfelder auf, die sowohl f\u00fcr milit\u00e4rische Bedarfstr\u00e4ger als auch f\u00fcr Industrie und Forschung von hoher Relevanz sind.<\/p>\n<p>Als Keynote-Speaker sind unter anderem Vizeadmiral <strong>Carsten Stawitzki<\/strong>, Nationaler R\u00fcstungsdirektor Deutschlands, sowie Vizeadmiral <strong>Axel Deertz<\/strong>, Stellvertreter des Inspekteurs der Marine und Befehlshaber der Flotte, best\u00e4tigt. Ihre Beitr\u00e4ge geben Einblicke in aktuelle Entwicklungen der maritimen Sicherheit sowie in Herausforderungen der Verteidigungsbeschaffung.<\/p>\n<h2><strong>Plattform f\u00fcr Dialog, Beschaffung und Kooperation<\/strong><\/h2>\n<p>Die <strong>MS&amp;D Conference &amp; Expo<\/strong> versteht sich als Plattform f\u00fcr den direkten Austausch zwischen milit\u00e4rischen Bedarfstr\u00e4gern, Industrie und Beschaffungsorganisationen. Im Mittelpunkt stehen Fragen der Umsetzung, der internationalen Zusammenarbeit sowie der Beschleunigung von Beschaffungs- und Innovationsprozessen.<\/p>\n<p>Gerade vor dem Hintergrund steigender Anforderungen an Geschwindigkeit und Effizienz in der Verteidigungsplanung gewinnt dieser Dialog an Bedeutung. Die Veranstaltung bietet Raum, um konkrete Bedarfe zu adressieren, technologische L\u00f6sungen zu diskutieren und Kooperationen anzusto\u00dfen.<\/p>\n<p>Internationale Delegationen nutzen die MS&amp;D, um sich \u00fcber aktuelle Entwicklungen zu informieren und den Austausch mit Industrievertretern und Partnern zu vertiefen. Damit leistet die Veranstaltung einen Beitrag zur Vernetzung relevanter Akteure im europ\u00e4ischen und internationalen Kontext.<\/p>\n<figure id=\"attachment_54622\" aria-describedby=\"caption-attachment-54622\" style=\"width: 300px\" class=\"wp-caption alignright\"><img fetchpriority=\"high\" decoding=\"async\" class=\"wp-image-54622 size-medium\" src=\"\/wp-content\/uploads\/2026\/04\/SM24_RZ_050924_0945-Kopie-300x200.jpg\" alt=\"(Foto: @ Hamburg Messe und Congress\/ Rene Zieger)\" width=\"300\" height=\"200\" srcset=\"\/wp-content\/uploads\/2026\/04\/SM24_RZ_050924_0945-Kopie-300x200.jpg 300w, \/wp-content\/uploads\/2026\/04\/SM24_RZ_050924_0945-Kopie-1024x683.jpg 1024w, \/wp-content\/uploads\/2026\/04\/SM24_RZ_050924_0945-Kopie-768x512.jpg 768w, \/wp-content\/uploads\/2026\/04\/SM24_RZ_050924_0945-Kopie-18x12.jpg 18w, \/wp-content\/uploads\/2026\/04\/SM24_RZ_050924_0945-Kopie.jpg 1066w\" sizes=\"(max-width: 300px) 100vw, 300px\" \/><figcaption id=\"caption-attachment-54622\" class=\"wp-caption-text\">(Foto: @ Hamburg Messe und Congress\/ Rene Zieger)<\/figcaption><\/figure>\n<h2><strong>Einbindung in die SMM<\/strong><\/h2>\n<p>Die Einbettung der MS&amp;D in die SMM schafft zus\u00e4tzliche Synergien. Als Weltleitmesse der maritimen Wirtschaft bringt die SMM internationale Unternehmen, Organisationen und Institutionen aus allen Bereichen der Branche zusammen.<\/p>\n<p>F\u00fcr die MS&amp;D ergibt sich daraus ein erweitertes Umfeld, in dem sich sicherheitsrelevante Fragestellungen im Kontext der gesamten maritimen Wertsch\u00f6pfungskette diskutieren lassen. Gleichzeitig profitieren Aussteller und Teilnehmende von einer hohen internationalen Sichtbarkeit sowie von kurzen Wegen zu potenziellen Partnern und Auftraggebern.<\/p>\n<h2><strong>Termin vormerken<\/strong><\/h2>\n<h3>Die MS&amp;D Conference &amp; Expo 2026 findet vom 1. bis 4. September 2026 in Hamburg im Rahmen der SMM statt.<\/h3>\n<p><strong>Mehr Informationen und Teilnahme<\/strong>: <a href=\"http:\/\/www.smm-hamburg.com\/msd-conference\" target=\"_blank\" rel=\"noopener noreferrer nofollow\">www.smm-hamburg.com\/msd-conference<\/a><\/p>\n<figure id=\"attachment_50883\" aria-describedby=\"caption-attachment-50883\" style=\"width: 300px\" class=\"wp-caption aligncenter\"><img decoding=\"async\" class=\"size-medium wp-image-50883\" src=\"\/wp-content\/uploads\/2025\/10\/csm_SMM_Programm_MSD_RGB_rz_9e2980018f-300x300.png\" alt=\"[@ Hamburg Messe und Congress]\" width=\"300\" height=\"300\" srcset=\"\/wp-content\/uploads\/2025\/10\/csm_SMM_Programm_MSD_RGB_rz_9e2980018f-300x300.png 300w, \/wp-content\/uploads\/2025\/10\/csm_SMM_Programm_MSD_RGB_rz_9e2980018f-150x150.png 150w, \/wp-content\/uploads\/2025\/10\/csm_SMM_Programm_MSD_RGB_rz_9e2980018f-12x12.png 12w, \/wp-content\/uploads\/2025\/10\/csm_SMM_Programm_MSD_RGB_rz_9e2980018f.png 700w\" sizes=\"(max-width: 300px) 100vw, 300px\" \/><figcaption id=\"caption-attachment-50883\" class=\"wp-caption-text\">[@ Hamburg Messe und Congress]<\/figcaption><\/figure>\n<p style=\"text-align: center;\"><strong>Kontakt MS&amp;D Expo<\/strong>:<\/p>\n<p style=\"text-align: center;\">Sandra Meyer, sandra.meyer@hamburg-messe.de<\/p>\n","protected":false},"excerpt":{"rendered":"<p>MS&amp;D Conference &amp; Expo 2026 in Hamburg brings together navy, industry and politics. Focus on maritime security, technologies and procurement.<\/p>","protected":false},"author":10,"featured_media":54621,"comment_status":"open","ping_status":"closed","sticky":false,"template":"","format":"standard","meta":{"_acf_changed":false,"_oasis_is_in_workflow":0,"_oasis_original":0,"_oasis_task_priority":"","footnotes":""},"categories":[486,19,292,41],"tags":[12672,12670,12671,12662,7773,12673,6252],"class_list":["post-54613","post","type-post","status-publish","format-standard","has-post-thumbnail","hentry","category-headlines","category-sicherheitspolitik","category-sponsored-content","category-technologie-blog","tag-maritime-security-defence-in-a-rapidly-changing-world","tag-msd-international-conference-expo-on-maritime-security-defence","tag-msd-conference-expo","tag-msd-conference-expo-2026","tag-smm-hamburg","tag-vizeadmiral-axel-deertz","tag-vizeadmiral-carsten-stawitzki"],"acf":[],"_links":{"self":[{"href":"https:\/\/marineforum.online\/en\/wp-json\/wp\/v2\/posts\/54613","targetHints":{"allow":["GET"]}}],"collection":[{"href":"https:\/\/marineforum.online\/en\/wp-json\/wp\/v2\/posts"}],"about":[{"href":"https:\/\/marineforum.online\/en\/wp-json\/wp\/v2\/types\/post"}],"author":[{"embeddable":true,"href":"https:\/\/marineforum.online\/en\/wp-json\/wp\/v2\/users\/10"}],"replies":[{"embeddable":true,"href":"https:\/\/marineforum.online\/en\/wp-json\/wp\/v2\/comments?post=54613"}],"version-history":[{"count":5,"href":"https:\/\/marineforum.online\/en\/wp-json\/wp\/v2\/posts\/54613\/revisions"}],"predecessor-version":[{"id":54692,"href":"https:\/\/marineforum.online\/en\/wp-json\/wp\/v2\/posts\/54613\/revisions\/54692"}],"wp:featuredmedia":[{"embeddable":true,"href":"https:\/\/marineforum.online\/en\/wp-json\/wp\/v2\/media\/54621"}],"wp:attachment":[{"href":"https:\/\/marineforum.online\/en\/wp-json\/wp\/v2\/media?parent=54613"}],"wp:term":[{"taxonomy":"category","embeddable":true,"href":"https:\/\/marineforum.online\/en\/wp-json\/wp\/v2\/categories?post=54613"},{"taxonomy":"post_tag","embeddable":true,"href":"https:\/\/marineforum.online\/en\/wp-json\/wp\/v2\/tags?post=54613"}],"curies":[{"name":"wp","href":"https:\/\/api.w.org\/{rel}","templated":true}]}}