{"id":57637,"date":"2026-09-02T08:45:00","date_gmt":"2026-09-02T06:45:00","guid":{"rendered":"https:\/\/marineforum.online\/?p=57637"},"modified":"2026-09-01T15:26:10","modified_gmt":"2026-09-01T13:26:10","slug":"nato-laender-schmieden-weiteres-seebuendnis","status":"publish","type":"post","link":"https:\/\/marineforum.online\/en\/nato-laender-schmieden-weiteres-seebuendnis\/","title":{"rendered":"Nato-L\u00e4nder schmieden weiteres Seeb\u00fcndnis"},"content":{"rendered":"<p><strong>Zw\u00f6lf NATO-Mitgliedstaaten haben auf dem Gipfel in Ankara im Juli 2026 eine gemeinsame Erkl\u00e4rung zur St\u00e4rkung der maritimen Abschreckung und Verteidigung ver\u00f6ffentlicht. Die Unterzeichner verf\u00fcgen bereits \u00fcber moderne Marinekapazit\u00e4ten, die sie in den kommenden Jahren in einem neuen Seeb\u00fcndnis weiter ausbauen wollen.<\/strong><\/p>\n<p>Die Erkl\u00e4rung benennt die Nord- und Ostsee, den Nordatlantik und die Arktis als Teil der \u00e4u\u00dferen Seegrenzen des NATO-Gebiets. Zw\u00f6lf Staaten verpflichten sich, Ausbildung, \u00dcbungen und Einsatzszenarien f\u00fcr das gesamte Spektrum maritimer Operationen im euro-atlantischen Raum zu verbessern. Zudem sollen die maritime F\u00fchrung und Kontrolle gest\u00e4rkt sowie Investitionen in die Verbesserung des Lagebewusstseins in allen Bereichen priorisiert werden.<\/p>\n<p>In einer Erkl\u00e4rung der finnischen Regierung unter Pr\u00e4sident Alexander Stubb hei\u00dft es, dies zeige angesichts des verschlechterten Sicherheitsumfelds den gemeinsamen Willen und die F\u00e4higkeit, die Abschreckung zu st\u00e4rken und sich langfristig gegen die Bedrohung durch Russland zu verteidigen. Die europ\u00e4ischen Verb\u00fcndeten und Kanada w\u00fcrden ihren Anteil an der gemeinsamen Verantwortung \u00fcbernehmen und zugleich die NATO st\u00e4rken. Nach Angaben der Unterzeichner richte sich dieses Engagement auch als Signal an Russland.<\/p>\n<h2><strong>Zu den Unterzeichnern z\u00e4hlen bisher folgende Staaten:<\/strong><\/h2>\n<p>the <strong>Baltic Sea neighbours<\/strong> D\u00e4nemark, Deutschland, Finnland und Schweden (nicht dabei Estland, Lettland, Litauen, Polen);<\/p>\n<p>the <strong>Nordatlantikanrainer<\/strong> Kanada, Island, Norwegen und das Vereinigte K\u00f6nigreich (nicht dabei Irland und die USA);<\/p>\n<p>the <strong>Atlantikanrainer<\/strong> Frankreich, Portugal und Spanien;<\/p>\n<p>und f\u00fcr die <strong>Nordseeanrainer<\/strong> zus\u00e4tzlich die Niederlande (nicht dabei Belgien).<\/p>\n<p>Mit Ausnahme der USA handelt es sich bei den bisherigen Nichtunterzeichnern um Marinen mit eher kleinerem Umfang oder weniger atlantiktauglichen Einheiten.<\/p>\n<p>kdk, focus, BReg<\/p>","protected":false},"excerpt":{"rendered":"<p>Auf dem NATO-Gipfel in Ankara 2026 vereinbarten zw\u00f6lf Mitgliedstaaten ein Seeb\u00fcndnis zum Ausbau ihrer Marinekapazit\u00e4ten f\u00fcr Nord- und Ostsee, Nordatlantik und Arktis zur St\u00e4rkung der Abschreckung.<\/p>","protected":false},"author":10,"featured_media":57647,"comment_status":"open","ping_status":"closed","sticky":false,"template":"","format":"standard","meta":{"_acf_changed":false,"_oasis_is_in_workflow":0,"_oasis_original":0,"_oasis_task_priority":"2normal","footnotes":""},"categories":[50,486,45,42],"tags":[6594,13775,641,8854,1805,13779,182,109,13778,3980,113,3993,925,13774,2424,238,196,1869,197,1679,13777,13776,119,472,1097,121],"class_list":["post-57637","post","type-post","status-publish","format-standard","has-post-thumbnail","hentry","category-sicherheitspolitik-news","category-headlines","category-marinen-aus-aller-welt-news","category-news","tag-abschreckung","tag-ankara-gipfel","tag-arktis","tag-aermelkanal","tag-daenemark","tag-das-vereinigte-koenigreich","tag-deutsche-marine","tag-deutschland","tag-die-niederlande","tag-finnland","tag-frankreich","tag-island","tag-kanada","tag-nato-gipfel","tag-nordatlantik","tag-norwegen","tag-ostsee","tag-portugal","tag-russland","tag-schweden","tag-seebuendnis-nordsee","tag-seestrategie","tag-sicherheit","tag-spanien","tag-uk","tag-verteidigung"],"acf":[],"_links":{"self":[{"href":"https:\/\/marineforum.online\/en\/wp-json\/wp\/v2\/posts\/57637","targetHints":{"allow":["GET"]}}],"collection":[{"href":"https:\/\/marineforum.online\/en\/wp-json\/wp\/v2\/posts"}],"about":[{"href":"https:\/\/marineforum.online\/en\/wp-json\/wp\/v2\/types\/post"}],"author":[{"embeddable":true,"href":"https:\/\/marineforum.online\/en\/wp-json\/wp\/v2\/users\/10"}],"replies":[{"embeddable":true,"href":"https:\/\/marineforum.online\/en\/wp-json\/wp\/v2\/comments?post=57637"}],"version-history":[{"count":5,"href":"https:\/\/marineforum.online\/en\/wp-json\/wp\/v2\/posts\/57637\/revisions"}],"predecessor-version":[{"id":57760,"href":"https:\/\/marineforum.online\/en\/wp-json\/wp\/v2\/posts\/57637\/revisions\/57760"}],"wp:featuredmedia":[{"embeddable":true,"href":"https:\/\/marineforum.online\/en\/wp-json\/wp\/v2\/media\/57647"}],"wp:attachment":[{"href":"https:\/\/marineforum.online\/en\/wp-json\/wp\/v2\/media?parent=57637"}],"wp:term":[{"taxonomy":"category","embeddable":true,"href":"https:\/\/marineforum.online\/en\/wp-json\/wp\/v2\/categories?post=57637"},{"taxonomy":"post_tag","embeddable":true,"href":"https:\/\/marineforum.online\/en\/wp-json\/wp\/v2\/tags?post=57637"}],"curies":[{"name":"wp","href":"https:\/\/api.w.org\/{rel}","templated":true}]}}