{"id":57722,"date":"2026-09-01T13:53:16","date_gmt":"2026-09-01T11:53:16","guid":{"rendered":"https:\/\/marineforum.online\/?p=57722"},"modified":"2026-09-01T13:52:58","modified_gmt":"2026-09-01T11:52:58","slug":"gorch-fock-ueberquert-den-polarkreis","status":"publish","type":"post","link":"https:\/\/marineforum.online\/en\/gorch-fock-ueberquert-den-polarkreis\/","title":{"rendered":"Gorch Fock \u00fcberquert den Polarkreis"},"content":{"rendered":"<div data-elementor-type=\"wp-post\" data-elementor-id=\"57722\" class=\"elementor elementor-57722\" data-elementor-post-type=\"post\">\n\t\t\t\t<div class=\"elementor-element elementor-element-301f8120 e-flex e-con-boxed e-con e-parent\" data-id=\"301f8120\" data-element_type=\"container\" data-e-type=\"container\">\n\t\t\t\t\t<div class=\"e-con-inner\">\n\t\t\t\t<div class=\"elementor-element elementor-element-5710a1d1 elementor-widget elementor-widget-text-editor\" data-id=\"5710a1d1\" data-element_type=\"widget\" data-e-type=\"widget\" data-widget_type=\"text-editor.default\">\n\t\t\t\t\t\t\t\t\t<p><strong>Die Dreimastbark zwischen Eisbergen &#8211; beeindruckende Bilder<\/strong><\/p><p>Am Samstag den am 29.08. 2026, hat die &#8222;Gorch Fock&#8220; den Polarkreis \u00fcberquert und Gr\u00f6nland in Sicht bekommen.\u2028Wie der Kommandant, Kapit\u00e4n zur See Elmar Bornkessel, berichtete, ist die Dreimastbark beim Passieren der Eisfelder unter &#8222;Vollzeug&#8220; gesegelt. Das ist Seemannsdeutsch und bedeutet, dass ein Segelschiff mit allen Segeln f\u00e4hrt und dabei keine Verringerung der Segelfl\u00e4che vornimmt, also &#8222;ungerefft&#8220; segelt. Das erfordert von der Besatzung hohen K\u00f6rpereinsatz und st\u00e4ndige Aufmerksamkeit und Bereitschaft. Bei 2\u202f\u00b0C Lufttemperatur und zeitweisen 35\u202fkn Wind waren die Bedingungen im Verlauf der Nacht daher f\u00fcr alle extrem anspruchsvoll.<\/p><p>Insbesondere f\u00fcr die Offizieranw\u00e4rter, die als Lehrgangsteilnehmer an Bord ihre Grundausbildung an Seemannschaft erlernen, ist das nicht nur ein herausforderndes Erlebnis, sondern starkes \u201eTeambuilding\u201c. F\u00fcr die gesamte Besatzung wird diese Fahrt ein weiteres unvergessliches Erlebnis dieser gro\u00dfen Auslands-Ausbildungsreise sein. Mit den Worten des Kommandanten: \u201eDie Besatzung hat unter diesen nordatlantischen Verh\u00e4ltnissen und im Polarmeer hochprofessionell gearbeitet und beste Seemannschaft an Deck und in der Takelage gezeigt\u201c.<\/p>\t\t\t\t\t\t\t\t<\/div>\n\t\t\t\t\t<\/div>\n\t\t\t\t<\/div>\n\t\t<div class=\"elementor-element elementor-element-e57d23e e-flex e-con-boxed e-con e-parent\" data-id=\"e57d23e\" data-element_type=\"container\" data-e-type=\"container\">\n\t\t\t\t\t<div class=\"e-con-inner\">\n\t\t\t\t<div class=\"elementor-element elementor-element-91d994e elementor-widget elementor-widget-gallery\" data-id=\"91d994e\" data-element_type=\"widget\" data-e-type=\"widget\" data-settings=\"{&quot;lazyload&quot;:&quot;yes&quot;,&quot;gallery_layout&quot;:&quot;grid&quot;,&quot;columns&quot;:4,&quot;columns_tablet&quot;:2,&quot;columns_mobile&quot;:1,&quot;gap&quot;:{&quot;unit&quot;:&quot;px&quot;,&quot;size&quot;:10,&quot;sizes&quot;:[]},&quot;gap_tablet&quot;:{&quot;unit&quot;:&quot;px&quot;,&quot;size&quot;:10,&quot;sizes&quot;:[]},&quot;gap_mobile&quot;:{&quot;unit&quot;:&quot;px&quot;,&quot;size&quot;:10,&quot;sizes&quot;:[]},&quot;link_to&quot;:&quot;file&quot;,&quot;aspect_ratio&quot;:&quot;3:2&quot;,&quot;overlay_background&quot;:&quot;yes&quot;,&quot;content_hover_animation&quot;:&quot;fade-in&quot;}\" data-widget_type=\"gallery.default\">\n\t\t\t\t\t\t\t<div class=\"elementor-gallery__container\">\n\t\t\t\t\t\t\t<a class=\"e-gallery-item elementor-gallery-item elementor-animated-content\" href=\"\/wp-content\/uploads\/2026\/08\/2026-Gorch-Fock-Polarkreis-8.jpg\" data-elementor-open-lightbox=\"yes\" data-elementor-lightbox-slideshow=\"91d994e\" data-elementor-lightbox-description=\"Gorch Fock vor Gr\u00f6nland Foto: Deutsche Marine\" data-e-action-hash=\"#elementor-action%3Aaction%3Dlightbox%26settings%3DeyJpZCI6NTc3NzgsInVybCI6Ilwvd3AtY29udGVudFwvdXBsb2Fkc1wvMjAyNlwvMDhcLzIwMjYtR29yY2gtRm9jay1Qb2xhcmtyZWlzLTguanBnIiwic2xpZGVzaG93IjoiOTFkOTk0ZSJ9\">\n\t\t\t\t\t<div class=\"e-gallery-image elementor-gallery-item__image\" data-thumbnail=\"\/wp-content\/uploads\/2026\/08\/2026-Gorch-Fock-Polarkreis-8-225x300.jpg\" data-width=\"225\" data-height=\"300\" aria-label=\"Gorch Fock vor Gr\u00f6nland Foto: Deutsche Marine\" role=\"img\" ><\/div>\n\t\t\t\t\t\t\t\t\t\t\t<div class=\"elementor-gallery-item__overlay\"><\/div>\n\t\t\t\t\t\t\t\t\t\t\t\t\t\t<\/a>\n\t\t\t\t\t\t\t<a class=\"e-gallery-item elementor-gallery-item elementor-animated-content\" href=\"\/wp-content\/uploads\/2026\/08\/2026-Gorch-Fock-Polarkreis-7.jpg\" data-elementor-open-lightbox=\"yes\" data-elementor-lightbox-slideshow=\"91d994e\" data-elementor-lightbox-description=\"Gorch Fock vor Gr\u00f6nland Foto: Deutsche Marine\" data-e-action-hash=\"#elementor-action%3Aaction%3Dlightbox%26settings%3DeyJpZCI6NTc3NzcsInVybCI6Ilwvd3AtY29udGVudFwvdXBsb2Fkc1wvMjAyNlwvMDhcLzIwMjYtR29yY2gtRm9jay1Qb2xhcmtyZWlzLTcuanBnIiwic2xpZGVzaG93IjoiOTFkOTk0ZSJ9\">\n\t\t\t\t\t<div class=\"e-gallery-image elementor-gallery-item__image\" data-thumbnail=\"\/wp-content\/uploads\/2026\/08\/2026-Gorch-Fock-Polarkreis-7-300x225.jpg\" data-width=\"300\" data-height=\"225\" aria-label=\"Gorch Fock vor Gr\u00f6nland Foto: Deutsche Marine\" role=\"img\" ><\/div>\n\t\t\t\t\t\t\t\t\t\t\t<div class=\"elementor-gallery-item__overlay\"><\/div>\n\t\t\t\t\t\t\t\t\t\t\t\t\t\t<\/a>\n\t\t\t\t\t\t\t<a class=\"e-gallery-item elementor-gallery-item elementor-animated-content\" href=\"\/wp-content\/uploads\/2026\/08\/2026-Gorch-Fock-Polarkreis-6.jpg\" data-elementor-open-lightbox=\"yes\" data-elementor-lightbox-slideshow=\"91d994e\" data-elementor-lightbox-description=\"Gorch Fock vor Gr\u00f6nland Foto: Deutsche Marine\" data-e-action-hash=\"#elementor-action%3Aaction%3Dlightbox%26settings%3DeyJpZCI6NTc3NzYsInVybCI6Ilwvd3AtY29udGVudFwvdXBsb2Fkc1wvMjAyNlwvMDhcLzIwMjYtR29yY2gtRm9jay1Qb2xhcmtyZWlzLTYuanBnIiwic2xpZGVzaG93IjoiOTFkOTk0ZSJ9\">\n\t\t\t\t\t<div class=\"e-gallery-image elementor-gallery-item__image\" data-thumbnail=\"\/wp-content\/uploads\/2026\/08\/2026-Gorch-Fock-Polarkreis-6-300x225.jpg\" data-width=\"300\" data-height=\"225\" aria-label=\"Gorch Fock vor Gr\u00f6nland Foto: Deutsche Marine\" role=\"img\" ><\/div>\n\t\t\t\t\t\t\t\t\t\t\t<div class=\"elementor-gallery-item__overlay\"><\/div>\n\t\t\t\t\t\t\t\t\t\t\t\t\t\t<\/a>\n\t\t\t\t\t\t\t<a class=\"e-gallery-item elementor-gallery-item elementor-animated-content\" href=\"\/wp-content\/uploads\/2026\/08\/2026-Gorch-Fock-Polarkreis-1-e1788185905335.jpg\" data-elementor-open-lightbox=\"yes\" data-elementor-lightbox-slideshow=\"91d994e\" data-elementor-lightbox-description=\"Gorch Fock am Polarkreis Foto: Deutsche Marine\" data-e-action-hash=\"#elementor-action%3Aaction%3Dlightbox%26settings%3DeyJpZCI6NTc3NzQsInVybCI6Ilwvd3AtY29udGVudFwvdXBsb2Fkc1wvMjAyNlwvMDhcLzIwMjYtR29yY2gtRm9jay1Qb2xhcmtyZWlzLTEtZTE3ODgxODU5MDUzMzUuanBnIiwic2xpZGVzaG93IjoiOTFkOTk0ZSJ9\">\n\t\t\t\t\t<div class=\"e-gallery-image elementor-gallery-item__image\" data-thumbnail=\"\/wp-content\/uploads\/2026\/08\/2026-Gorch-Fock-Polarkreis-1-e1788185905335-300x265.jpg\" data-width=\"300\" data-height=\"265\" aria-label=\"Gorch Fock am Polarkreis Foto: Deutsche Marine\" role=\"img\" ><\/div>\n\t\t\t\t\t\t\t\t\t\t\t<div class=\"elementor-gallery-item__overlay\"><\/div>\n\t\t\t\t\t\t\t\t\t\t\t\t\t\t<\/a>\n\t\t\t\t\t\t\t<a class=\"e-gallery-item elementor-gallery-item elementor-animated-content\" href=\"\/wp-content\/uploads\/2026\/08\/gorch_fock_polarkreis.png\" data-elementor-open-lightbox=\"yes\" data-elementor-lightbox-slideshow=\"91d994e\" data-elementor-lightbox-description=\"Foto: Gorch Fock vor Gr\u00f6nland. Deutsche Marine\" data-e-action-hash=\"#elementor-action%3Aaction%3Dlightbox%26settings%3DeyJpZCI6NTc4MTEsInVybCI6Ilwvd3AtY29udGVudFwvdXBsb2Fkc1wvMjAyNlwvMDhcL2dvcmNoX2ZvY2tfcG9sYXJrcmVpcy5wbmciLCJzbGlkZXNob3ciOiI5MWQ5OTRlIn0%3D\">\n\t\t\t\t\t<div class=\"e-gallery-image elementor-gallery-item__image\" data-thumbnail=\"\/wp-content\/uploads\/2026\/08\/gorch_fock_polarkreis-300x153.png\" data-width=\"300\" data-height=\"153\" aria-label=\"Foto: Gorch Fock vor Gr\u00f6nland. Deutsche Marine\" role=\"img\" ><\/div>\n\t\t\t\t\t\t\t\t\t\t\t<div class=\"elementor-gallery-item__overlay\"><\/div>\n\t\t\t\t\t\t\t\t\t\t\t\t\t\t<\/a>\n\t\t\t\t\t<\/div>\n\t\t\t\t\t<\/div>\n\t\t\t\t\t<\/div>\n\t\t\t\t<\/div>\n\t\t\t\t<\/div>","protected":false},"excerpt":{"rendered":"<p>Am Samstag den am 29.08. 2026, hat die \"Gorch Fock\" den Polarkreis \u00fcberquert und Gr\u00f6nland in Sicht bekommen.\u2028<\/p>","protected":false},"author":10,"featured_media":57811,"comment_status":"open","ping_status":"closed","sticky":false,"template":"","format":"standard","meta":{"_acf_changed":false,"_oasis_is_in_workflow":0,"_oasis_original":0,"_oasis_task_priority":"3high","footnotes":""},"categories":[48,486,42,51],"tags":[2126,1350,13479,11448,858,9247,5410,923,13859,2228,13858,13857],"class_list":["post-57722","post","type-post","status-publish","format-standard","has-post-thumbnail","hentry","category-schifffahrt-news","category-headlines","category-news","category-streitkraefte-news","tag-ausbildungsreise","tag-besatzung","tag-dreimastbark","tag-eisberge","tag-gorch-fock","tag-groenland","tag-offizieranwaerter","tag-polarkreis","tag-polarmeer","tag-seemannschaft","tag-teambuilding","tag-vollzeug"],"acf":[],"_links":{"self":[{"href":"https:\/\/marineforum.online\/en\/wp-json\/wp\/v2\/posts\/57722","targetHints":{"allow":["GET"]}}],"collection":[{"href":"https:\/\/marineforum.online\/en\/wp-json\/wp\/v2\/posts"}],"about":[{"href":"https:\/\/marineforum.online\/en\/wp-json\/wp\/v2\/types\/post"}],"author":[{"embeddable":true,"href":"https:\/\/marineforum.online\/en\/wp-json\/wp\/v2\/users\/10"}],"replies":[{"embeddable":true,"href":"https:\/\/marineforum.online\/en\/wp-json\/wp\/v2\/comments?post=57722"}],"version-history":[{"count":5,"href":"https:\/\/marineforum.online\/en\/wp-json\/wp\/v2\/posts\/57722\/revisions"}],"predecessor-version":[{"id":57815,"href":"https:\/\/marineforum.online\/en\/wp-json\/wp\/v2\/posts\/57722\/revisions\/57815"}],"wp:featuredmedia":[{"embeddable":true,"href":"https:\/\/marineforum.online\/en\/wp-json\/wp\/v2\/media\/57811"}],"wp:attachment":[{"href":"https:\/\/marineforum.online\/en\/wp-json\/wp\/v2\/media?parent=57722"}],"wp:term":[{"taxonomy":"category","embeddable":true,"href":"https:\/\/marineforum.online\/en\/wp-json\/wp\/v2\/categories?post=57722"},{"taxonomy":"post_tag","embeddable":true,"href":"https:\/\/marineforum.online\/en\/wp-json\/wp\/v2\/tags?post=57722"}],"curies":[{"name":"wp","href":"https:\/\/api.w.org\/{rel}","templated":true}]}}