{"id":57797,"date":"2026-09-01T14:00:32","date_gmt":"2026-09-01T12:00:32","guid":{"rendered":"https:\/\/marineforum.online\/?p=57797"},"modified":"2026-09-01T14:00:00","modified_gmt":"2026-09-01T12:00:00","slug":"p-8a-poseidon-northern-viking-2026-island-giuk-luecke","status":"publish","type":"post","link":"https:\/\/marineforum.online\/en\/p-8a-poseidon-northern-viking-2026-island-giuk-luecke\/","title":{"rendered":"P-8A Poseidon: Marineflieger st\u00e4rken NATO im Nordatlantik"},"content":{"rendered":"<p><strong><span id=\"p81R_mc14\" class=\"markedContent\"><span dir=\"ltr\" role=\"presentation\">Northern Viking 2026 \u2013 NATO Man\u00f6ver vor Island mit einer Boeing P-8A der Deutschen Marine<\/span><\/span><\/strong><\/p>\n<figure id=\"attachment_57799\" aria-describedby=\"caption-attachment-57799\" style=\"width: 200px\" class=\"wp-caption alignleft\"><a href=\"\/wp-content\/uploads\/2026\/08\/20251107-P8-Arrival-5.jpg\"><img fetchpriority=\"high\" decoding=\"async\" class=\"size-medium wp-image-57799\" src=\"\/wp-content\/uploads\/2026\/08\/20251107-P8-Arrival-5-200x300.jpg\" alt=\"Kommodore des Marinefliegergeschwader 3 \u201eGraf Zeppelin\u201c, Kapit\u00e4n zur See Oliver Ottm\u00fcller Foto: Schl\u00fcter\" width=\"200\" height=\"300\" srcset=\"\/wp-content\/uploads\/2026\/08\/20251107-P8-Arrival-5-200x300.jpg 200w, \/wp-content\/uploads\/2026\/08\/20251107-P8-Arrival-5-683x1024.jpg 683w, \/wp-content\/uploads\/2026\/08\/20251107-P8-Arrival-5-768x1152.jpg 768w, \/wp-content\/uploads\/2026\/08\/20251107-P8-Arrival-5-1024x1536.jpg 1024w, \/wp-content\/uploads\/2026\/08\/20251107-P8-Arrival-5-8x12.jpg 8w, \/wp-content\/uploads\/2026\/08\/20251107-P8-Arrival-5.jpg 1280w\" sizes=\"(max-width: 200px) 100vw, 200px\" \/><\/a><figcaption id=\"caption-attachment-57799\" class=\"wp-caption-text\">Kommodore des Marinefliegergeschwader 3 \u201eGraf Zeppelin\u201c, Kapit\u00e4n zur See Oliver Ottm\u00fcller Foto: Schl\u00fcter<\/figcaption><\/figure>\n<p class=\"Normal\">F\u00fcr Northern Viking 2026 hat eine P-8A Poseidon mit Einsatzbesatzung, Technikern und weiterem Unterst\u00fctzungspersonal auf den Milit\u00e4rst\u00fctzpunkt Keflavik auf Island verlegt. W\u00e4hrend des Man\u00f6vers sind mehrere Einsatzfl\u00fcge geplant. Die \u00dcbung l\u00e4uft vom 22. August bis 4. September 2026. Sie wird von den US-Seestreitkr\u00e4ften in Europa gef\u00fchrt und von der 6. US-Flotte umgesetzt. Zehn NATO-Verb\u00fcndete beteiligen sich mit Schiffen und Flugzeugen, darunter Einheiten der St\u00e4ndigen Marinegruppe 1 (SNMG1) und der St\u00e4ndigen NATO-Minenabwehrgruppe 1 (SNMCMG1) der NATO.<\/p>\n<p class=\"Normal\">Schauplatz ist die GIUK-L\u00fccke zwischen Gr\u00f6nland, Island und dem Vereinigten K\u00f6nigreich \u2013 eine strategisch wichtige Verbindung f\u00fcr den Schiffs- und Luftverkehr zwischen Nordamerika und Europa. Ihre Sicherung und die freie Schifffahrt sind f\u00fcr die NATO-Verteidigung und die internationale maritime Sicherheit zentral.\u00a0Die beteiligten Streitkr\u00e4fte trainieren gemeinsam \u00dcberwasser- und U-Boot-Bek\u00e4mpfung, maritime \u00dcberwachung, Such- und Rettungseins\u00e4tze sowie Minenabwehr. Dabei sch\u00e4rfen sie ihre operativen und taktischen F\u00e4higkeiten und stimmen ihre Zusammenarbeit besser aufeinander ab. Northern Viking 2026 soll die NATO-Verb\u00fcndeten auf die Herausforderungen des aktuellen Sicherheitsumfelds vorbereiten.<\/p>\n<p class=\"Normal\">Der Kommodore des Marinefliegergeschwaders 3 \u201eGraf Zeppelin\u201c, Kapit\u00e4n zur See Oliver Ottm\u00fcller, betont die Bedeutung des Man\u00f6vers: \u201eNach fast einem Jahr herausfordernden Anfangsflugbetriebs mit unserem neuen U-Jagd-Flugzeug P-8A Poseidon befinden wir uns auf dem Weg zur ersten (operativen) Einsatzbereitschaft. Mit unserer Teilnahme an Northern Viking 2026 verlegen wir erneut mit einem Kontingent an einen Platz, den wir seit vielen Jahren gut kennen. Dennoch wird es eine gro\u00dfe Herausforderung, mit dem neuen System reibungslos in das Man\u00f6ver einzusteigen. Ich erwarte in den n\u00e4chsten zwei Wochen eine Best\u00e4tigung der bisher gewonnenen Erfahrungen, so dass wir den n\u00e4chsten Schritt gehen k\u00f6nnen. Gerade mit Blick auf die Erlangung der Einsatzbereitschaft der P-8A ist diese Verlegung in den Nordatlantik nach Island ein weiterer Meilenstein und wird sicher nicht die letzte sein.\"<\/p>\n<p>Quelle: PM PIZ Marine<\/p>","protected":false},"excerpt":{"rendered":"<p>Eine P-8A Poseidon der Deutschen Marine nimmt von Island aus an Northern Viking 2026 teil und trainiert in der strategisch wichtigen GIUK-L\u00fccke.<\/p>","protected":false},"author":10,"featured_media":57798,"comment_status":"open","ping_status":"closed","sticky":false,"template":"","format":"standard","meta":{"_acf_changed":false,"_oasis_is_in_workflow":0,"_oasis_original":0,"_oasis_task_priority":"3high","footnotes":""},"categories":[51,486,42,50],"tags":[182,10769,13865,10049,340,13864,992,879],"class_list":["post-57797","post","type-post","status-publish","format-standard","has-post-thumbnail","hentry","category-streitkraefte-news","category-headlines","category-news","category-sicherheitspolitik-news","tag-deutsche-marine","tag-giuk-luecke","tag-keflavik","tag-marinefliegergeschwader-3","tag-nato","tag-northern-viking-2026","tag-p-8a-poseidon","tag-u-boot-jagd"],"acf":[],"_links":{"self":[{"href":"https:\/\/marineforum.online\/en\/wp-json\/wp\/v2\/posts\/57797","targetHints":{"allow":["GET"]}}],"collection":[{"href":"https:\/\/marineforum.online\/en\/wp-json\/wp\/v2\/posts"}],"about":[{"href":"https:\/\/marineforum.online\/en\/wp-json\/wp\/v2\/types\/post"}],"author":[{"embeddable":true,"href":"https:\/\/marineforum.online\/en\/wp-json\/wp\/v2\/users\/10"}],"replies":[{"embeddable":true,"href":"https:\/\/marineforum.online\/en\/wp-json\/wp\/v2\/comments?post=57797"}],"version-history":[{"count":5,"href":"https:\/\/marineforum.online\/en\/wp-json\/wp\/v2\/posts\/57797\/revisions"}],"predecessor-version":[{"id":57817,"href":"https:\/\/marineforum.online\/en\/wp-json\/wp\/v2\/posts\/57797\/revisions\/57817"}],"wp:featuredmedia":[{"embeddable":true,"href":"https:\/\/marineforum.online\/en\/wp-json\/wp\/v2\/media\/57798"}],"wp:attachment":[{"href":"https:\/\/marineforum.online\/en\/wp-json\/wp\/v2\/media?parent=57797"}],"wp:term":[{"taxonomy":"category","embeddable":true,"href":"https:\/\/marineforum.online\/en\/wp-json\/wp\/v2\/categories?post=57797"},{"taxonomy":"post_tag","embeddable":true,"href":"https:\/\/marineforum.online\/en\/wp-json\/wp\/v2\/tags?post=57797"}],"curies":[{"name":"wp","href":"https:\/\/api.w.org\/{rel}","templated":true}]}}